{"id":128988,"date":"2021-07-25T16:12:20","date_gmt":"2021-07-25T19:12:20","guid":{"rendered":"https:\/\/senoticias.com.br\/se\/?p=128988"},"modified":"2021-07-25T16:28:30","modified_gmt":"2021-07-25T19:28:30","slug":"baleia-jubarte-e-encontrada-morta-na-praia-da-costa-na-barra-dos-coqueiros","status":"publish","type":"post","link":"https:\/\/senoticias.com.br\/se\/baleia-jubarte-e-encontrada-morta-na-praia-da-costa-na-barra-dos-coqueiros\/","title":{"rendered":"Baleia jubarte \u00e9 encontrada morta na Praia da Costa na Barra dos Coqueiros"},"content":{"rendered":"\n<p>Na manh\u00e3 deste domingo, 25, uma equipe de fauna da Administra\u00e7\u00e3o Estadual do Meio Ambiente (Adema), foi acionada para auxiliar na a\u00e7\u00e3o de identifica\u00e7\u00e3o de uma baleia que se encontrava encalhada nas proximidades de um resort, na Praia da Costa, no munic\u00edpio da Barra dos Coqueiros, <strong>no Territ\u00f3rio da Grande Aracaju.<\/strong><\/p>\n\n\n\n<figure class=\"wp-block-image size-large\"><img decoding=\"async\" src=\"https:\/\/senoticias.com.br\/se\/wp-content\/uploads\/2021\/07\/Balei-jubarte-SE-Noticias.jpg\" alt=\"\" class=\"wp-image-128989\"\/><figcaption>De acordo com a Adema, o mam\u00edfero media aproximadamente 15 metros &#8211; Foto: Asscom\/Adema<\/figcaption><\/figure>\n\n\n\n<p>Ap\u00f3s a avalia\u00e7\u00e3o cl\u00ednica preliminar do animal, os profissionais constataram se tratar de uma <strong>baleia jubarte<\/strong> (Megaptera novaeangliae), macho, tendo cerca de 15 metros de comprimento e aproximadamente entre 15 e 20 toneladas.<\/p>\n\n\n\n<p>De acordo com o m\u00e9dico-veterin\u00e1rio da Adema, Daniel Alievi, o cet\u00e1ceo j\u00e1 estava sem vida. \u201cSegundo informa\u00e7\u00f5es de populares, h\u00e1 alguns dias a baleia havia sido avistada boiando pr\u00f3xima \u00e0s plataformas de petr\u00f3leo da Petrobras, tendo a for\u00e7a da mar\u00e9 deslocando-a at\u00e9 a praia, no dia de hoje\u201d, explicou.<\/p>\n\n\n\n<p>O profissional declarou que outras a\u00e7\u00f5es para com a baleia ser\u00e3o executadas ainda no dia de hoje. \u201cProfissionais de uma empresa terceirizada pela Petrobras, que realiza o monitoramento de praias nos litorais de Alagoas e Sergipe, fizeram a coleta de material biol\u00f3gico e encaminhar\u00e3o as amostras para exames laboratoriais, a fim de identificar a causa mortis. No que diz respeito ao corpo, por se tratar de um animal muito grande, ser\u00e1 feito o esquartejamento, e, posteriormente o transporte para o destino das partes, n\u00e3o estando definido se elas ser\u00e3o incineradas ou enterradas\u201d, ressaltou.<\/p>\n\n\n\n<p>\u00c9 muito comum nessa \u00e9poca do ano, as baleias jubartes fazerem a sua rota migrat\u00f3ria tendo as praias do Nordeste como destino, uma vez que nesse per\u00edodo elas est\u00e3o na fase de acasalamento, e, buscam as \u00e1guas mais quentes (o que encontram no litoral nordestino) para copularem.<\/p>\n\n\n\n<p><em>Quer receber as principais not\u00edcias do&nbsp;<strong>SE Not\u00edcias<\/strong>&nbsp;no seu&nbsp;<strong>WhatsApp?<\/strong>&nbsp;<strong><a href=\"https:\/\/api.whatsapp.com\/send?phone=5579991715289\">Clique aqui<\/a><\/strong>.<\/em><\/p>\n\n\n\n<p><strong><em>Acompanhe tamb\u00e9m o SE Not\u00edcias no\u00a0<a rel=\"noreferrer noopener\" href=\"https:\/\/twitter.com\/Senoticias\" target=\"_blank\">Twitter<\/a>,\u00a0<a rel=\"noreferrer noopener\" href=\"https:\/\/www.facebook.com\/senoticias1\" target=\"_blank\">Facebook<\/a>\u00a0e no\u00a0<a rel=\"noreferrer noopener\" href=\"https:\/\/www.instagram.com\/senoticias\/\" target=\"_blank\">Instagram<\/a><\/em><\/strong>.<\/p>\n\n\n\n<p>Fonte: ascom\/Adema<\/p>\n","protected":false},"excerpt":{"rendered":"<p>Na manh\u00e3 deste domingo, 25, uma equipe de fauna da Administra\u00e7\u00e3o Estadual do Meio Ambiente (Adema), foi acionada para auxiliar na a\u00e7\u00e3o de identifica\u00e7\u00e3o de uma baleia que se encontrava encalhada nas proximidades de um resort, na Praia da Costa, no munic\u00edpio da Barra dos Coqueiros, no Territ\u00f3rio da Grande Aracaju. Ap\u00f3s a avalia\u00e7\u00e3o cl\u00ednica [&hellip;]<\/p>\n","protected":false},"author":6557,"featured_media":0,"comment_status":"closed","ping_status":"closed","sticky":false,"template":"","format":"standard","meta":{"footnotes":""},"categories":[15,38,1],"tags":[34654,34655,3141,34656,5761],"class_list":{"0":"post-128988","1":"post","2":"type-post","3":"status-publish","4":"format-standard","6":"category-destaques","7":"category-municipios","8":"category-sem-categoria","9":"tag-baleia-jubarte","10":"tag-baleia-jubarte-encontrada-morta","11":"tag-barra-dos-coqueiros","12":"tag-megaptera-novaeangliae","13":"tag-praia-da-costa"},"_links":{"self":[{"href":"https:\/\/senoticias.com.br\/se\/wp-json\/wp\/v2\/posts\/128988"}],"collection":[{"href":"https:\/\/senoticias.com.br\/se\/wp-json\/wp\/v2\/posts"}],"about":[{"href":"https:\/\/senoticias.com.br\/se\/wp-json\/wp\/v2\/types\/post"}],"author":[{"embeddable":true,"href":"https:\/\/senoticias.com.br\/se\/wp-json\/wp\/v2\/users\/6557"}],"replies":[{"embeddable":true,"href":"https:\/\/senoticias.com.br\/se\/wp-json\/wp\/v2\/comments?post=128988"}],"version-history":[{"count":0,"href":"https:\/\/senoticias.com.br\/se\/wp-json\/wp\/v2\/posts\/128988\/revisions"}],"wp:attachment":[{"href":"https:\/\/senoticias.com.br\/se\/wp-json\/wp\/v2\/media?parent=128988"}],"wp:term":[{"taxonomy":"category","embeddable":true,"href":"https:\/\/senoticias.com.br\/se\/wp-json\/wp\/v2\/categories?post=128988"},{"taxonomy":"post_tag","embeddable":true,"href":"https:\/\/senoticias.com.br\/se\/wp-json\/wp\/v2\/tags?post=128988"}],"curies":[{"name":"wp","href":"https:\/\/api.w.org\/{rel}","templated":true}]}}