{"id":128970,"date":"2021-07-23T11:17:38","date_gmt":"2021-07-23T14:17:38","guid":{"rendered":"https:\/\/senoticias.com.br\/se\/?p=128970"},"modified":"2021-07-23T11:19:28","modified_gmt":"2021-07-23T14:19:28","slug":"em-sergipe-prf-apreende-236-tabletes-de-maconha-prensada-em-micro-onibus","status":"publish","type":"post","link":"https:\/\/senoticias.com.br\/se\/em-sergipe-prf-apreende-236-tabletes-de-maconha-prensada-em-micro-onibus\/","title":{"rendered":"Em Sergipe, PRF apreende 236 tabletes de maconha prensada em micro-\u00f4nibus"},"content":{"rendered":"\n<p>Policiais rodovi\u00e1rios federais apreenderam 236 tabletes de maconha prensada, em um compartimento escondido no assoalho de um ve\u00edculo de aluguel. A a\u00e7\u00e3o ocorreu no km 92 da BR-101, munic\u00edpio de Nossa Senhora do Socorro\/SE, na virada de quinta para esta sexta-feira, 23, <strong>Dia do PRF<\/strong>.<\/p>\n\n\n\n<figure class=\"wp-block-image size-large\"><img loading=\"lazy\" decoding=\"async\" width=\"589\" height=\"332\" src=\"https:\/\/senoticias.com.br\/se\/wp-content\/uploads\/2021\/07\/Drogas-PRF-SE-Noticias.jpg\" alt=\"\" class=\"wp-image-128971\" srcset=\"https:\/\/senoticias.com.br\/se\/wp-content\/uploads\/2021\/07\/Drogas-PRF-SE-Noticias.jpg 589w, https:\/\/senoticias.com.br\/se\/wp-content\/uploads\/2021\/07\/Drogas-PRF-SE-Noticias-300x169.jpg 300w\" sizes=\"(max-width: 589px) 100vw, 589px\" \/><figcaption>O infrator foi encaminhado \u00e0 Pol\u00edcia Judici\u00e1ria &#8211; Foto: PRF\/SE)<\/figcaption><\/figure>\n\n\n\n<p>Uma equipe PRF visualizou uma manobra brusca de frenagem na pista feita pelo motorista de um ve\u00edculo com placa do Estado de S\u00e3o Paulo, ao avistar a presen\u00e7a de outra viatura operacional do \u00d3rg\u00e3o que transitava no mesmo sentido.<\/p>\n\n\n\n<p>Homem de 54 anos foi preso por tr\u00e1fico de drogas (Foto: PRF\/SE)<br>O homem, de 54 anos, apresentou nervosismo incomum quando foi abordado pelos policiais, que perceberam odor acentuado de maconha, apesar dos odorizantes espalhados no interior do micro-\u00f4nibus. A busca minuciosa culminou na identifica\u00e7\u00e3o de um compartimento preparado no assoalho do ve\u00edculo, que escondia os tabletes da droga, cujo peso totalizou 195 quilos.<\/p>\n\n\n\n<p>Segundo o motorista, que apresentou aos policiais informa\u00e7\u00f5es contradit\u00f3rias, a viagem come\u00e7ou em S\u00e3o Paulo\/SP e teria como destino Macei\u00f3\/AL. O infrator foi encaminhado \u00e0 Pol\u00edcia Judici\u00e1ria.<\/p>\n\n\n\n<p><em>Quer receber as principais not\u00edcias do&nbsp;<strong>SE Not\u00edcias<\/strong>&nbsp;no seu&nbsp;<strong>WhatsApp?<\/strong>&nbsp;<strong><a href=\"https:\/\/api.whatsapp.com\/send?phone=5579991715289\">Clique aqui<\/a><\/strong>.<\/em><\/p>\n\n\n\n<p><strong><em>Acompanhe tamb\u00e9m o SE Not\u00edcias no&nbsp;<a rel=\"noreferrer noopener\" href=\"https:\/\/twitter.com\/Senoticias\" target=\"_blank\">Twitter<\/a>,&nbsp;<a rel=\"noreferrer noopener\" href=\"https:\/\/www.facebook.com\/senoticias1\" target=\"_blank\">Facebook<\/a>&nbsp;e no&nbsp;<a rel=\"noreferrer noopener\" href=\"https:\/\/www.instagram.com\/senoticias\/\" target=\"_blank\">Instagram<\/a><\/em><\/strong>.<\/p>\n\n\n\n<p>Fonte: PRF<\/p>\n","protected":false},"excerpt":{"rendered":"<p>Policiais rodovi\u00e1rios federais apreenderam 236 tabletes de maconha prensada, em um compartimento escondido no assoalho de um ve\u00edculo de aluguel. A a\u00e7\u00e3o ocorreu no km 92 da BR-101, munic\u00edpio de Nossa Senhora do Socorro\/SE, na virada de quinta para esta sexta-feira, 23, Dia do PRF. Uma equipe PRF visualizou uma manobra brusca de frenagem na [&hellip;]<\/p>\n","protected":false},"author":6557,"featured_media":0,"comment_status":"closed","ping_status":"closed","sticky":false,"template":"","format":"standard","meta":{"footnotes":""},"categories":[15,7,1],"tags":[3948,2497,77],"class_list":{"0":"post-128970","1":"post","2":"type-post","3":"status-publish","4":"format-standard","6":"category-destaques","7":"category-policia","8":"category-sem-categoria","9":"tag-apreensao-de-drogas","10":"tag-drogas","11":"tag-prf"},"_links":{"self":[{"href":"https:\/\/senoticias.com.br\/se\/wp-json\/wp\/v2\/posts\/128970"}],"collection":[{"href":"https:\/\/senoticias.com.br\/se\/wp-json\/wp\/v2\/posts"}],"about":[{"href":"https:\/\/senoticias.com.br\/se\/wp-json\/wp\/v2\/types\/post"}],"author":[{"embeddable":true,"href":"https:\/\/senoticias.com.br\/se\/wp-json\/wp\/v2\/users\/6557"}],"replies":[{"embeddable":true,"href":"https:\/\/senoticias.com.br\/se\/wp-json\/wp\/v2\/comments?post=128970"}],"version-history":[{"count":0,"href":"https:\/\/senoticias.com.br\/se\/wp-json\/wp\/v2\/posts\/128970\/revisions"}],"wp:attachment":[{"href":"https:\/\/senoticias.com.br\/se\/wp-json\/wp\/v2\/media?parent=128970"}],"wp:term":[{"taxonomy":"category","embeddable":true,"href":"https:\/\/senoticias.com.br\/se\/wp-json\/wp\/v2\/categories?post=128970"},{"taxonomy":"post_tag","embeddable":true,"href":"https:\/\/senoticias.com.br\/se\/wp-json\/wp\/v2\/tags?post=128970"}],"curies":[{"name":"wp","href":"https:\/\/api.w.org\/{rel}","templated":true}]}}