{"id":128946,"date":"2021-07-21T20:41:32","date_gmt":"2021-07-21T23:41:32","guid":{"rendered":"https:\/\/senoticias.com.br\/se\/?p=128946"},"modified":"2021-07-21T20:46:57","modified_gmt":"2021-07-21T23:46:57","slug":"professores-da-rede-estadual-continuam-greve-contra-o-retorno-das-aulas-presenciais","status":"publish","type":"post","link":"https:\/\/senoticias.com.br\/se\/professores-da-rede-estadual-continuam-greve-contra-o-retorno-das-aulas-presenciais\/","title":{"rendered":"Professores da rede estadual continuam greve contra o retorno das aulas presenciais"},"content":{"rendered":"\n<p><\/p>\n\n\n\n<p>A completa imuniza\u00e7\u00e3o dos trabalhadores e trabalhadoras da Educa\u00e7\u00e3o, com a segunda dose da vacina, escolas com condi\u00e7\u00f5es sanit\u00e1rias e pedag\u00f3gicas, testagem em massa dos estudantes. Esses s\u00e3o os par\u00e2metros m\u00ednimos exigidos pelo magist\u00e9rio para o retorno \u00e0s aulas presenciais com seguran\u00e7a.<\/p>\n\n\n\n<figure class=\"wp-block-image size-large\"><img loading=\"lazy\" decoding=\"async\" width=\"575\" height=\"445\" src=\"https:\/\/senoticias.com.br\/se\/wp-content\/uploads\/2021\/07\/Greve-Sintese-SE-Noticias.png\" alt=\"\" class=\"wp-image-128947\" srcset=\"https:\/\/senoticias.com.br\/se\/wp-content\/uploads\/2021\/07\/Greve-Sintese-SE-Noticias.png 575w, https:\/\/senoticias.com.br\/se\/wp-content\/uploads\/2021\/07\/Greve-Sintese-SE-Noticias-300x232.png 300w, https:\/\/senoticias.com.br\/se\/wp-content\/uploads\/2021\/07\/Greve-Sintese-SE-Noticias-45x35.png 45w\" sizes=\"(max-width: 575px) 100vw, 575px\" \/><figcaption> Na assembleia unificada realizada dia 20, os professores e professoras da rede estadual e das escolas municipais reafirmam greve em defesa da vida &#8211; Foto: ascom\/Sintese<\/figcaption><\/figure>\n\n\n\n<p>Por conta disso, os professores e professoras das escolas estaduais e das escolas municipais de 74 munic\u00edpios (os docentes das escolas municipais de Aracaju s\u00e3o filiados ao Sindipema) reafirmaram em assembleia unificada virtual na tarde da \u00faltima ter\u00e7a, dia 20, que continuam a greve pela vida contra o retorno das aulas presenciais. Nesse \u00ednterim os docentes continuam com as aulas remotas.<\/p>\n\n\n\n<p>\u201cAinda estamos em pandemia, a maior parte da popula\u00e7\u00e3o ainda n\u00e3o est\u00e1 imunizada, por isso n\u00e3o podemos naturalizar um retorno as aulas presenciais nas escolas p\u00fablicas, nas atuais condi\u00e7\u00f5es. Nossa luta \u00e9 em defesa da vida e n\u00e3o somente a nossa, mas dos demais trabalhadores e trabalhadoras das escolas, dos estudantes e das fam\u00edlias. N\u00e3o h\u00e1 como voltarmos as aulas presenciais no cen\u00e1rio que est\u00e1 posto, por isso continuaremos na resist\u00eancia e ministrando as aulas remotas at\u00e9 que tenhamos as condi\u00e7\u00f5es para retorno\u201d, afirma a presidenta do SINTESE, Ivonete Cruz.<\/p>\n\n\n\n<p>Em rela\u00e7\u00e3o a vacina\u00e7\u00e3o foi discutida ainda na assembleia a possibilidade da antecipa\u00e7\u00e3o da vacina\u00e7\u00e3o da segunda dose, com a seguran\u00e7a cient\u00edfica da efic\u00e1cia, assim como tem acontecido em outros estados.<\/p>\n\n\n\n<p><strong>Condi\u00e7\u00f5es sanit\u00e1rias<\/strong><\/p>\n\n\n\n<p>Uma das principais reivindica\u00e7\u00f5es dos professores e professoras \u00e9 que as escolas tenham condi\u00e7\u00f5es sanit\u00e1rias, mas o que isso significa? N\u00e3o estamos falando somente do uso do \u00e1lcool 70%, tapetes sanitizantes, uso de m\u00e1scara, mas tamb\u00e9m da estrutura das unidades de ensino. Salas ventiladas, espa\u00e7os adequados para alimenta\u00e7\u00e3o, banheiros e pias em condi\u00e7\u00f5es de uso e, funcion\u00e1rios em n\u00famero suficiente para garantir o processo de higieniza\u00e7\u00e3o dos espa\u00e7os. E essa, sabemos muito bem, n\u00e3o \u00e9 a realidade das escolas estaduais e municipais.<\/p>\n\n\n\n<p>\u201cN\u00f3s estamos no ch\u00e3o da escola e sabemos a limita\u00e7\u00e3o dos pr\u00e9dios escolares. A escola que eu trabalho as salas t\u00eam somente uma via de ventila\u00e7\u00e3o (uma porta), e somente um ventilador, que n\u00e3o terei como usar, por conta dos riscos, na realidade que convivo n\u00e3o h\u00e1 como garantir seguran\u00e7a para os estudantes e tenho certeza que isso acontece em outras unidades de ensino\u201d, conta a professora Josefa Giziane.<\/p>\n\n\n\n<p>A falta de espa\u00e7os adequados para a alimenta\u00e7\u00e3o escolar tamb\u00e9m \u00e9 um ponto de preocupa\u00e7\u00e3o da categoria. \u201cO momento da alimenta\u00e7\u00e3o \u00e9 de muita vulnerabilidade. \u00c9 o momento onde a m\u00e1scara \u00e9 tirada e demora a ser recolocada, a proximidade \u00e9 maior. Todos estar\u00e3o expostos\u201d, argumenta Elvira Rocha, integrante da dire\u00e7\u00e3o do SINTESE e do Conselho Estadual de Alimenta\u00e7\u00e3o Escolar.<\/p>\n\n\n\n<p><strong>A greve \u00e9 legal<\/strong><\/p>\n\n\n\n<p>A luta e a resist\u00eancia dos professores e professoras das escolas municipais t\u00eam sido imensas. Prefeitos e prefeitas t\u00eam se utilizado de v\u00e1rios estratagemas, seja pelo ass\u00e9dio e at\u00e9, pasmem, do n\u00e3o conhecimento que a greve existe e as aulas remotas continuam.<\/p>\n\n\n\n<p>O SINTESE avisa que todos os prefeitos e prefeitas est\u00e3o cientes desde a primeira assembleia, realizada no dia 04 de maio de que os professores e professores est\u00e3o em greve contra as aulas presenciais e que se comprometeram a continuar com as aulas remotas. Of\u00edcios tamb\u00e9m foram enviados ap\u00f3s a assembleia do dia 09 de junho e eles ser\u00e3o notificados do resultado da assembleia desta quarta, dia 20.<\/p>\n\n\n\n<p><strong>Aux\u00edlio tecnol\u00f3gico<\/strong><\/p>\n\n\n\n<p>O aux\u00edlio tecnol\u00f3gico \u00e9 um direito, um resultado direto da luta dos professores e professoras no in\u00edcio da pandemia. E desde a aprova\u00e7\u00e3o da lei e da publica\u00e7\u00e3o do decreto e da portaria que regulamentaram o aux\u00edlio, o sindicato apresentou suas preocupa\u00e7\u00f5es com as condicionantes para acess\u00e1-lo.<\/p>\n\n\n\n<p>Nessa perspectiva o sindicato realizou plen\u00e1ria colocando as preocupa\u00e7\u00f5es, mas quem decidir\u00e1 se acessar\u00e1 ou n\u00e3o ao aux\u00edlio s\u00e3o os professores e professoras, pois \u00e9 uma a\u00e7\u00e3o individual de cada docente.<\/p>\n\n\n\n<p>\u201cRelembramos que o aux\u00edlio \u00e9 resultado direto da press\u00e3o dos professores e professores, mas temos reivindicado \u00e0 secretaria que fa\u00e7a as modifica\u00e7\u00f5es no decreto e na portaria para que os professores n\u00e3o sejam responsabilizados por a\u00e7\u00f5es que n\u00e3o fazem parte das suas atribui\u00e7\u00f5es\u201d, declarou o vice-presidente do SINTESE, Roberto Silva dos Santos.<\/p>\n\n\n\n<p><strong>Destrui\u00e7\u00e3o da Carreira<\/strong><\/p>\n\n\n\n<p>Na assembleia, a dire\u00e7\u00e3o do sindicato tamb\u00e9m deu informes sobre a \u00faltima audi\u00eancia com o secret\u00e1rio de Estado da Educa\u00e7\u00e3o e um dos pontos foi sobre a recupera\u00e7\u00e3o da carreira.<\/p>\n\n\n\n<p>\u201cN\u00e3o podemos naturalizar que o professor com n\u00edvel m\u00e9dio e doutorado tenham o mesmo vencimento inicial. Na \u00faltima audi\u00eancia com a Seduc o sindicato voltou a afirmar que \u00e9 imprescind\u00edvel que o governo do Estado recomece a retomada da carreira do magist\u00e9rio\u201d, afirma a presidenta do sindicato.<\/p>\n\n\n\n<p>O secret\u00e1rio solicitou que o sindicato apresentasse estudos e dialogasse com o diretor do Departamento de Recursos Humanos da Seduc. A perspectiva \u00e9 de que na pr\u00f3xima assembleia, o SINTESE apresente aos professores e professoras a proposta para garantir a revis\u00e3o salarial e o in\u00edcio da retomada da carreira.<\/p>\n\n\n\n<p><strong>Revis\u00e3o do piso \u00e9 lei e precisa ser garantida<\/strong><\/p>\n\n\n\n<p>O SINTESE reafirma sua luta pela revis\u00e3o do piso do magist\u00e9rio dos anos anteriores (2020 para tr\u00e1s) e o entendimento de que a Lei Complementar 173 n\u00e3o \u00e9 impedimento para a implanta\u00e7\u00e3o da revis\u00e3o salarial. Nas duas \u00faltimas semanas o sindicato realizou vig\u00edlias no Tribunal de Contas do Estado na perspectiva da corte de contas deixar expl\u00edcita a orienta\u00e7\u00e3o, que j\u00e1 vale para s\u00f3 demais servidores p\u00fablicos, de que a revis\u00e3o do piso do magist\u00e9rio pode ser aplicada.<\/p>\n\n\n\n<p><strong>Revoga\u00e7\u00e3o do desconto dos 14% dos proventos dos aposentados j\u00e1<\/strong><\/p>\n\n\n\n<p>A luta pela revoga\u00e7\u00e3o do desconto de 14% nas aposentadorias e pens\u00f5es tamb\u00e9m foi pauta da assembleia. Desde a aprova\u00e7\u00e3o da reforma da previd\u00eancia estadual no final de 2019 que o sindicato tem empreendido uma luta contra essa pol\u00edtica de morte aos aposentados e pensionistas do servi\u00e7o p\u00fablico estadual.<\/p>\n\n\n\n<p>A situa\u00e7\u00e3o financeira do Sergipreprevid\u00eancia tem sido alvo de estudos por parte do SINTESE e j\u00e1 se pode adiantar que a revoga\u00e7\u00e3o do desconto depende da vontade pol\u00edtica do governador Belivaldo Chagas. Os problemas detectados ser\u00e3o denunciados ao Minist\u00e9rio P\u00fablico Estadual e ao Tribunal de Contas e assim que os trabalhos legislativos retornarem o sindicato convocar\u00e1 os professores e professoras tanto da ativa quanto aposentados para dialogar com os deputados estaduais.<\/p>\n\n\n\n<p>\u201cO SINTESE segue em luta e resist\u00eancia em defesa da vida, pelo retorno das aulas presenciais com seguran\u00e7a, pelas condi\u00e7\u00f5es aos professores para ministrar e aos estudantes para assistir as aulas remotas, pela valoriza\u00e7\u00e3o dos professores com efetiva\u00e7\u00e3o da revis\u00e3o do piso salarial, pela retomada da carreira do magist\u00e9rio, em defesa dos aposentados e aposentadas. Sigamos em luta e em defesa de todos os nossos direitos\u201d, finaliza a presidenta.<\/p>\n\n\n\n<p><em>Quer receber as principais not\u00edcias do&nbsp;<strong>SE Not\u00edcias<\/strong>&nbsp;no seu&nbsp;<strong>WhatsApp?<\/strong>&nbsp;<strong><a href=\"https:\/\/api.whatsapp.com\/send?phone=5579991715289\">Clique aqui<\/a><\/strong>.<\/em><\/p>\n\n\n\n<p><strong><em>Acompanhe tamb\u00e9m o SE Not\u00edcias no\u00a0<a rel=\"noreferrer noopener\" href=\"https:\/\/twitter.com\/Senoticias\" target=\"_blank\">Twitter<\/a>,\u00a0<a rel=\"noreferrer noopener\" href=\"https:\/\/www.facebook.com\/senoticias1\" target=\"_blank\">Facebook<\/a>\u00a0e no\u00a0<a rel=\"noreferrer noopener\" href=\"https:\/\/www.instagram.com\/senoticias\/\" target=\"_blank\">Instagram<\/a><\/em><\/strong>.<\/p>\n\n\n\n<p>Fonte: Site do Sintese<\/p>\n","protected":false},"excerpt":{"rendered":"<p>A completa imuniza\u00e7\u00e3o dos trabalhadores e trabalhadoras da Educa\u00e7\u00e3o, com a segunda dose da vacina, escolas com condi\u00e7\u00f5es sanit\u00e1rias e pedag\u00f3gicas, testagem em massa dos estudantes. Esses s\u00e3o os par\u00e2metros m\u00ednimos exigidos pelo magist\u00e9rio para o retorno \u00e0s aulas presenciais com seguran\u00e7a. Por conta disso, os professores e professoras das escolas estaduais e das escolas [&hellip;]<\/p>\n","protected":false},"author":6557,"featured_media":0,"comment_status":"closed","ping_status":"closed","sticky":false,"template":"","format":"standard","meta":{"footnotes":""},"categories":[15,6,1],"tags":[3210,14369,34640,677],"class_list":{"0":"post-128946","1":"post","2":"type-post","3":"status-publish","4":"format-standard","6":"category-destaques","7":"category-politica","8":"category-sem-categoria","9":"tag-greve","10":"tag-pandemia","11":"tag-professores-da-rede-estadual","12":"tag-sintese"},"_links":{"self":[{"href":"https:\/\/senoticias.com.br\/se\/wp-json\/wp\/v2\/posts\/128946"}],"collection":[{"href":"https:\/\/senoticias.com.br\/se\/wp-json\/wp\/v2\/posts"}],"about":[{"href":"https:\/\/senoticias.com.br\/se\/wp-json\/wp\/v2\/types\/post"}],"author":[{"embeddable":true,"href":"https:\/\/senoticias.com.br\/se\/wp-json\/wp\/v2\/users\/6557"}],"replies":[{"embeddable":true,"href":"https:\/\/senoticias.com.br\/se\/wp-json\/wp\/v2\/comments?post=128946"}],"version-history":[{"count":0,"href":"https:\/\/senoticias.com.br\/se\/wp-json\/wp\/v2\/posts\/128946\/revisions"}],"wp:attachment":[{"href":"https:\/\/senoticias.com.br\/se\/wp-json\/wp\/v2\/media?parent=128946"}],"wp:term":[{"taxonomy":"category","embeddable":true,"href":"https:\/\/senoticias.com.br\/se\/wp-json\/wp\/v2\/categories?post=128946"},{"taxonomy":"post_tag","embeddable":true,"href":"https:\/\/senoticias.com.br\/se\/wp-json\/wp\/v2\/tags?post=128946"}],"curies":[{"name":"wp","href":"https:\/\/api.w.org\/{rel}","templated":true}]}}