{"id":128911,"date":"2021-07-20T15:24:15","date_gmt":"2021-07-20T18:24:15","guid":{"rendered":"https:\/\/senoticias.com.br\/se\/?p=128911"},"modified":"2021-07-20T15:43:56","modified_gmt":"2021-07-20T18:43:56","slug":"frente-fria-traz-chuva-de-moderada-a-intensa-para-aracaju-nos-proximos-dias","status":"publish","type":"post","link":"https:\/\/senoticias.com.br\/se\/frente-fria-traz-chuva-de-moderada-a-intensa-para-aracaju-nos-proximos-dias\/","title":{"rendered":"Frente fria traz chuva de moderada a intensa para Aracaju nos pr\u00f3ximos dias"},"content":{"rendered":"\n<p><\/p>\n\n\n\n<p>Uma nova frente fria chegou a Aracaju e as chuvas derivadas dela j\u00e1 come\u00e7aram a cair, nesta ter\u00e7a-feira, 20. As primeiras horas do dia j\u00e1 deram ind\u00edcio da chegada do per\u00edodo mais chuvoso e os centros de meteorologia confirmam dias com tempo fechado at\u00e9 o fim deste m\u00eas.<\/p>\n\n\n\n<figure class=\"wp-block-image size-large\"><img loading=\"lazy\" decoding=\"async\" width=\"584\" height=\"296\" src=\"https:\/\/senoticias.com.br\/se\/wp-content\/uploads\/2021\/07\/Pedra-se-movimenta-no-Bairro-America-SE-Noticias-1.jpg\" alt=\"\" class=\"wp-image-128915\" srcset=\"https:\/\/senoticias.com.br\/se\/wp-content\/uploads\/2021\/07\/Pedra-se-movimenta-no-Bairro-America-SE-Noticias-1.jpg 584w, https:\/\/senoticias.com.br\/se\/wp-content\/uploads\/2021\/07\/Pedra-se-movimenta-no-Bairro-America-SE-Noticias-1-300x152.jpg 300w\" sizes=\"(max-width: 584px) 100vw, 584px\" \/><figcaption>Defesa Civil vistoria \u00e1rea onde pedra caiu no Bairro Am\u00e9rica \u2014 Foto: Defesa Civil Aracaju<\/figcaption><\/figure>\n\n\n\n<p>Para tanto, a Prefeitura de Aracaju j\u00e1 come\u00e7ou a refor\u00e7ar o monitoramento, sobretudo para observar melhor a incid\u00eancia intensa de chuva prevista entre as pr\u00f3ximas quinta <strong>(22) e sexta-feira (23)<\/strong>.<\/p>\n\n\n\n<p>Na manh\u00e3 de hoje, a Defesa Civil de Aracaju, \u00f3rg\u00e3o ligado \u00e0 Secretaria Municipal da Defesa Social e Cidadania (Semdec), recebeu o alerta de chuva vindo do Centro de Previs\u00e3o de Tempo e Estudos Clim\u00e1ticos (CPTEC) e os n\u00fameros cadastrados no servi\u00e7o via SMS da Prefeitura foram notificados sobre a previs\u00e3o de chuva moderada para esta ter\u00e7a.<\/p>\n\n\n\n<p>No entanto, conforme o Centro de Meteorologia de Sergipe (CMS), entre quinta e sexta-feira, h\u00e1 probabilidade de chuva intensa, de at\u00e9 80 mil\u00edmetros, o que mant\u00e9m as equipes da Prefeitura sob vigil\u00e2ncia.<\/p>\n\n\n\n<p>\u201cEssa frente fria se assemelha \u00e0 do in\u00edcio deste m\u00eas, quando, na primeira quinzena, registramos mais de 300 mil\u00edmetros de chuva. Nossa preocupa\u00e7\u00e3o \u00e9 voltada para as \u00e1reas de risco e, portanto, nossas aten\u00e7\u00f5es ser\u00e3o para essas regi\u00f5es que, historicamente, t\u00eam registros de situa\u00e7\u00f5es relacionadas a chuvas intensas. Como a previs\u00e3o aponta maior intensidade, entre quinta e sexta, manteremos as equipes em constante monitoramento pelas ruas e aumentaremos o fluxo de aten\u00e7\u00e3o\u201d, ressalta o coordenador da Defesa Civil de Aracaju, major Silvio Prado.<\/p>\n\n\n\n<p>At\u00e9 as 10h desta ter\u00e7a-feira, as equipes registraram um deslizamento de terra, no bairro Am\u00e9rica. De acordo com Silvio Prado, n\u00e3o houve preju\u00edzos aos moradores e a situa\u00e7\u00e3o foi contida, sem risco \u00e0 popula\u00e7\u00e3o local. A Empresa Municipal de Servi\u00e7os Urbanos (Emsurb) foi acionada para realizar a limpeza na localidade, mas o monitoramento por parte da Defesa Civil continuar\u00e1.<\/p>\n\n\n\n<p>\u201cJulho tem sido de bastante chuva, mais do que a s\u00e9rie hist\u00f3rica e, desde o in\u00edcio do m\u00eas nossa preocupa\u00e7\u00e3o tem sido, justamente, com as \u00e1reas com risco de deslizamento de terra porque, com o solo constantemente molhado e sem tempo de secar, a probabilidade de um incidente como esse \u00e9 grande. Assim, refor\u00e7amos a avalia\u00e7\u00e3o das regi\u00f5es de risco e alertamos a popula\u00e7\u00e3o para que se mantenha atenta a qualquer situa\u00e7\u00e3o que demande maior cuidado\u201d, refor\u00e7a o coordenador.<\/p>\n\n\n\n<p>Por toda a extens\u00e3o da cidade, as demais equipes da Prefeitura seguem realizando servi\u00e7os de monitoramento de canais, bocas de lobo e todo o sistema de drenagem, al\u00e9m da aten\u00e7\u00e3o voltada para o fluxo de ve\u00edculos e pedestres.<\/p>\n\n\n\n<p>Para situa\u00e7\u00f5es emergenciais, a popula\u00e7\u00e3o pode acionar a Defesa Civil atrav\u00e9s do n\u00famero 199. O servi\u00e7o funciona 24h, todos os dias da semana e deve ser acionado caso sejam observadas situa\u00e7\u00f5es de anormalidade, que possam ser provocadas pela chuva.<\/p>\n\n\n\n<p><strong>SMS 40199<\/strong><\/p>\n\n\n\n<p>Com mais de 51 mil n\u00fameros cadastrados, o servi\u00e7o de alerta por SMS 40199 possibilita que a popula\u00e7\u00e3o receba, de maneira antecipada, as informa\u00e7\u00f5es sobre indicativo de chuvas, mar\u00e9, ventos fortes e outros fen\u00f4menos que possam ocorrer.<\/p>\n\n\n\n<p>Para realizar o cadastro, \u00e9 preciso enviar uma mensagem<strong> via SMS para o n\u00famero 40199<\/strong> e colocar no campo da mensagem o CEP do local sobre o qual deseja receber informa\u00e7\u00f5es. O servi\u00e7o \u00e9 gratuito e permite que uma mesma pessoa cadastre mais de um CEP.<\/p>\n\n\n\n<p><em>Quer receber as principais not\u00edcias do&nbsp;<strong>SE Not\u00edcias<\/strong>&nbsp;no seu&nbsp;<strong>WhatsApp?<\/strong>&nbsp;<strong><a href=\"https:\/\/api.whatsapp.com\/send?phone=5579991715289\">Clique aqui<\/a><\/strong>.<\/em><\/p>\n\n\n\n<p><strong><em>Acompanhe tamb\u00e9m o SE Not\u00edcias no\u00a0<a rel=\"noreferrer noopener\" href=\"https:\/\/twitter.com\/Senoticias\" target=\"_blank\">Twitter<\/a>,\u00a0<a rel=\"noreferrer noopener\" href=\"https:\/\/www.facebook.com\/senoticias1\" target=\"_blank\">Facebook<\/a>\u00a0e no\u00a0<a rel=\"noreferrer noopener\" href=\"https:\/\/www.instagram.com\/senoticias\/\" target=\"_blank\">Instagram<\/a><\/em><\/strong>.<\/p>\n\n\n\n<p>Fonte: Ag\u00eancia Aracaju de Not\u00edcias<\/p>\n","protected":false},"excerpt":{"rendered":"<p>Uma nova frente fria chegou a Aracaju e as chuvas derivadas dela j\u00e1 come\u00e7aram a cair, nesta ter\u00e7a-feira, 20. As primeiras horas do dia j\u00e1 deram ind\u00edcio da chegada do per\u00edodo mais chuvoso e os centros de meteorologia confirmam dias com tempo fechado at\u00e9 o fim deste m\u00eas. Para tanto, a Prefeitura de Aracaju j\u00e1 [&hellip;]<\/p>\n","protected":false},"author":6557,"featured_media":0,"comment_status":"closed","ping_status":"closed","sticky":false,"template":"","format":"standard","meta":{"footnotes":""},"categories":[15,6,1],"tags":[12318,4240,213,11172],"class_list":{"0":"post-128911","1":"post","2":"type-post","3":"status-publish","4":"format-standard","6":"category-destaques","7":"category-politica","8":"category-sem-categoria","9":"tag-frente-fria","10":"tag-inverno","11":"tag-prefeitura-de-aracaju","12":"tag-previsao-de-chuvas"},"_links":{"self":[{"href":"https:\/\/senoticias.com.br\/se\/wp-json\/wp\/v2\/posts\/128911"}],"collection":[{"href":"https:\/\/senoticias.com.br\/se\/wp-json\/wp\/v2\/posts"}],"about":[{"href":"https:\/\/senoticias.com.br\/se\/wp-json\/wp\/v2\/types\/post"}],"author":[{"embeddable":true,"href":"https:\/\/senoticias.com.br\/se\/wp-json\/wp\/v2\/users\/6557"}],"replies":[{"embeddable":true,"href":"https:\/\/senoticias.com.br\/se\/wp-json\/wp\/v2\/comments?post=128911"}],"version-history":[{"count":0,"href":"https:\/\/senoticias.com.br\/se\/wp-json\/wp\/v2\/posts\/128911\/revisions"}],"wp:attachment":[{"href":"https:\/\/senoticias.com.br\/se\/wp-json\/wp\/v2\/media?parent=128911"}],"wp:term":[{"taxonomy":"category","embeddable":true,"href":"https:\/\/senoticias.com.br\/se\/wp-json\/wp\/v2\/categories?post=128911"},{"taxonomy":"post_tag","embeddable":true,"href":"https:\/\/senoticias.com.br\/se\/wp-json\/wp\/v2\/tags?post=128911"}],"curies":[{"name":"wp","href":"https:\/\/api.w.org\/{rel}","templated":true}]}}