{"id":128909,"date":"2021-07-20T14:28:25","date_gmt":"2021-07-20T17:28:25","guid":{"rendered":"https:\/\/senoticias.com.br\/se\/?p=128909"},"modified":"2021-07-20T14:47:30","modified_gmt":"2021-07-20T17:47:30","slug":"colisao-deixa-quatro-pessoas-feridas-na-rodovia-joao-bebe-agua-em-sao-cristovao","status":"publish","type":"post","link":"https:\/\/senoticias.com.br\/se\/colisao-deixa-quatro-pessoas-feridas-na-rodovia-joao-bebe-agua-em-sao-cristovao\/","title":{"rendered":"Colis\u00e3o deixa quatro pessoas feridas na rodovia Jo\u00e3o Bebe \u00c1gua em S\u00e3o Crist\u00f3v\u00e3o"},"content":{"rendered":"\n<p>Na manh\u00e3 desta ter\u00e7a-feira, 20, por volta das 9h, um acidente por colis\u00e3o frontal entre dois ve\u00edculos deixou quatro pessoas feridas na rodovia Jo\u00e3o Bebe \u00c1gua,  nas proximidades da entrada do povoado Camboat\u00e3, no munic\u00edpio de S\u00e3o Crist\u00f3v\u00e3o.<\/p>\n\n\n\n<figure class=\"wp-block-image size-large\"><img loading=\"lazy\" decoding=\"async\" width=\"520\" height=\"390\" src=\"https:\/\/senoticias.com.br\/se\/wp-content\/uploads\/2021\/07\/Acidente2.jpg\" alt=\"\" class=\"wp-image-128910\" srcset=\"https:\/\/senoticias.com.br\/se\/wp-content\/uploads\/2021\/07\/Acidente2.jpg 520w, https:\/\/senoticias.com.br\/se\/wp-content\/uploads\/2021\/07\/Acidente2-300x225.jpg 300w, https:\/\/senoticias.com.br\/se\/wp-content\/uploads\/2021\/07\/Acidente2-45x35.jpg 45w\" sizes=\"(max-width: 520px) 100vw, 520px\" \/><figcaption>V\u00edtimas foram socorridas pelo Servi\u00e7o de Atendimento M\u00f3vel de Urg\u00eancia e pelo Corpo de Bombeiros &#8211; Foto: SMTT\/S\u00e3o Crist\u00f3v\u00e3o<\/figcaption><\/figure>\n\n\n\n<p>De acordo com informa\u00e7\u00f5es da Companhia de Pol\u00edcia de Tr\u00e2nsito (CPTran), a ocorr\u00eancia teria sido provocada por um ve\u00edculo do tipo <strong>Clio que colidiu com outro autom\u00f3vel, um Fox<\/strong>.<\/p>\n\n\n\n<p>A CPTran ainda informou que o ve\u00edculo Fox estava com o licenciamento atrasado e os pneus do Clio apresentaram sinais de desgastes. A companhia acredita que, em dia de chuva, fatores como esses contribuem fatalmente para maior incid\u00eancia em acidentes de tr\u00e2nsito.<\/p>\n\n\n\n<p>As quatro v\u00edtimas (dois passageiros e dois condutores) receberam os primeiros socorros do atendimento m\u00e9dico do Servi\u00e7o de Atendimento M\u00f3vel de Urg\u00eancia (Samu), apresentando apenas ferimentos leves.<\/p>\n\n\n\n<p>Os ve\u00edculos foram removidos e j\u00e1 se encontram no p\u00e1tio do Departamento Estadual de Tr\u00e2nsito de Sergipe (Detran).<\/p>\n\n\n\n<p><em>Quer receber as principais not\u00edcias do&nbsp;<strong>SE Not\u00edcias<\/strong>&nbsp;no seu&nbsp;<strong>WhatsApp?<\/strong>&nbsp;<strong><a href=\"https:\/\/api.whatsapp.com\/send?phone=5579991715289\">Clique aqui<\/a><\/strong>.<\/em><\/p>\n\n\n\n<p><strong><em>Acompanhe tamb\u00e9m o SE Not\u00edcias no&nbsp;<a rel=\"noreferrer noopener\" href=\"https:\/\/twitter.com\/Senoticias\" target=\"_blank\">Twitter<\/a>,&nbsp;<a rel=\"noreferrer noopener\" href=\"https:\/\/www.facebook.com\/senoticias1\" target=\"_blank\">Facebook<\/a>&nbsp;e no&nbsp;<a rel=\"noreferrer noopener\" href=\"https:\/\/www.instagram.com\/senoticias\/\" target=\"_blank\">Instagram<\/a><\/em><\/strong>.<\/p>\n\n\n\n<p>Fonte:<strong> A8SE.com.br<\/strong><\/p>\n","protected":false},"excerpt":{"rendered":"<p>Na manh\u00e3 desta ter\u00e7a-feira, 20, por volta das 9h, um acidente por colis\u00e3o frontal entre dois ve\u00edculos deixou quatro pessoas feridas na rodovia Jo\u00e3o Bebe \u00c1gua, nas proximidades da entrada do povoado Camboat\u00e3, no munic\u00edpio de S\u00e3o Crist\u00f3v\u00e3o. De acordo com informa\u00e7\u00f5es da Companhia de Pol\u00edcia de Tr\u00e2nsito (CPTran), a ocorr\u00eancia teria sido provocada por [&hellip;]<\/p>\n","protected":false},"author":6557,"featured_media":0,"comment_status":"closed","ping_status":"closed","sticky":false,"template":"","format":"standard","meta":{"footnotes":""},"categories":[15,38,1],"tags":[4203,16582,3002],"class_list":{"0":"post-128909","1":"post","2":"type-post","3":"status-publish","4":"format-standard","6":"category-destaques","7":"category-municipios","8":"category-sem-categoria","9":"tag-acidente-de-transito","10":"tag-acidente-na-joao-bebe-agua","11":"tag-rodovia-joao-bebe-agua"},"_links":{"self":[{"href":"https:\/\/senoticias.com.br\/se\/wp-json\/wp\/v2\/posts\/128909"}],"collection":[{"href":"https:\/\/senoticias.com.br\/se\/wp-json\/wp\/v2\/posts"}],"about":[{"href":"https:\/\/senoticias.com.br\/se\/wp-json\/wp\/v2\/types\/post"}],"author":[{"embeddable":true,"href":"https:\/\/senoticias.com.br\/se\/wp-json\/wp\/v2\/users\/6557"}],"replies":[{"embeddable":true,"href":"https:\/\/senoticias.com.br\/se\/wp-json\/wp\/v2\/comments?post=128909"}],"version-history":[{"count":0,"href":"https:\/\/senoticias.com.br\/se\/wp-json\/wp\/v2\/posts\/128909\/revisions"}],"wp:attachment":[{"href":"https:\/\/senoticias.com.br\/se\/wp-json\/wp\/v2\/media?parent=128909"}],"wp:term":[{"taxonomy":"category","embeddable":true,"href":"https:\/\/senoticias.com.br\/se\/wp-json\/wp\/v2\/categories?post=128909"},{"taxonomy":"post_tag","embeddable":true,"href":"https:\/\/senoticias.com.br\/se\/wp-json\/wp\/v2\/tags?post=128909"}],"curies":[{"name":"wp","href":"https:\/\/api.w.org\/{rel}","templated":true}]}}