{"id":128826,"date":"2021-07-15T15:07:51","date_gmt":"2021-07-15T18:07:51","guid":{"rendered":"https:\/\/senoticias.com.br\/se\/?p=128826"},"modified":"2021-07-15T15:11:06","modified_gmt":"2021-07-15T18:11:06","slug":"gualberto-faz-defesa-contundente-da-assembleia-legislativa-de-sergipe","status":"publish","type":"post","link":"https:\/\/senoticias.com.br\/se\/gualberto-faz-defesa-contundente-da-assembleia-legislativa-de-sergipe\/","title":{"rendered":"Deputado Gualberto faz defesa contundente da Assembleia Legislativa de Sergipe"},"content":{"rendered":"\n<p>O deputado estadual Francisco Gualberto (PT), vice-presidente da Assembleia Legislativa de Sergipe (Alese), fez nesta quinta-feira (15) um pronunciamento contundente em defesa da Casa que abriga o trabalho de 24 deputados estaduais. O motivo da defesa foi rebater declara\u00e7\u00f5es consideradas inapropriadas feitas por integrantes da Casa \u00e0 imprensa sergipana questionando a efici\u00eancia e o papel da Assembleia. \u201cQuero dizer que me coloco frontalmente contra essas declara\u00e7\u00f5es que tentam diminuir o valor do parlamento estadual. As assembleias s\u00e3o os setores mais democr\u00e1ticos que existem dentro da vida pol\u00edtica de qualquer pa\u00eds democr\u00e1tico\u201d, disse Gualberto, lembrando que naquele ambiente cabe a atua\u00e7\u00e3o de qualquer pessoa de qualquer ra\u00e7a, credo, classe social ou ideologia de g\u00eanero. \u201c\u00c9 o que de mais plural existe dentro da democracia\u201d.<\/p>\n\n\n\n<figure class=\"wp-block-image size-large\"><img loading=\"lazy\" decoding=\"async\" width=\"945\" height=\"672\" src=\"https:\/\/senoticias.com.br\/se\/wp-content\/uploads\/2021\/07\/Francisco-Gualberto-SE-Noticias.jpg\" alt=\"\" class=\"wp-image-128827\" srcset=\"https:\/\/senoticias.com.br\/se\/wp-content\/uploads\/2021\/07\/Francisco-Gualberto-SE-Noticias.jpg 945w, https:\/\/senoticias.com.br\/se\/wp-content\/uploads\/2021\/07\/Francisco-Gualberto-SE-Noticias-300x213.jpg 300w, https:\/\/senoticias.com.br\/se\/wp-content\/uploads\/2021\/07\/Francisco-Gualberto-SE-Noticias-768x546.jpg 768w\" sizes=\"(max-width: 945px) 100vw, 945px\" \/><figcaption>Deputado estadual Francisco Gualberto (PT), vice-presidente da Assembleia Legislativa de Sergipe &#8211; Foto: M\u00e1ria Od\u00edlia<\/figcaption><\/figure>\n\n\n\n<p>Para Gualberto, os ataques n\u00e3o s\u00e3o bem vistos pela sociedade. \u201cEu n\u00e3o fico calado quando algu\u00e9m ataca a Alese. Compreendo at\u00e9 a necessidade de querer aparecer, se sobrepor. Sei que algumas pessoas t\u00eam os seus perfis, suas marcas de car\u00e1ter, pois \u00e9 natural em qualquer agrupamento da vida. Mas quem ataca a institui\u00e7\u00e3o provoca um desservi\u00e7o ao povo de Sergipe. Talvez seja a forma de esconder suas limita\u00e7\u00f5es\u201d, aponta o deputado. Segundo ele, a Alese \u00e9 um dos parlamentos mais eficientes e competentes de todo o Brasil. \u201cTemos um conjunto de deputados, de v\u00e1rias legislaturas, dos mais respons\u00e1veis que a gente pode ver\u201d, garante.<\/p>\n\n\n\n<p>Para justificar sua tese de efici\u00eancia e import\u00e2ncia do parlamento estadual, Gualberto citou in\u00fameros exemplos. Entre eles, a execu\u00e7\u00e3o das emendas parlamentares impositivas de 2020 que atenderam v\u00e1rias necessidades da popula\u00e7\u00e3o durante o auge da pandemia do coronav\u00edrus. \u201cTodos abrimos m\u00e3o das emendas que t\u00ednhamos direito e permitimos que o governador, ao Inv\u00e9s de liberar as emendas para finalidades mais abrangentes nos munic\u00edpios, pudesse usar os recursos para ajudar o povo sergipano a enfrentar esse momento dif\u00edcil da pandemia, principalmente em \u00e9poca de negacionismo\u201d, ressaltou Francisco Gualberto.<\/p>\n\n\n\n<p>Ainda em rela\u00e7\u00e3o \u00e0s emendas impositivas, ele lembra que para 2021, no m\u00ednimo 50% precisam ser indicadas para a \u00e1rea de sa\u00fade. Em 2020, por exemplo, ele j\u00e1 havia indicado R$ 560 mil para o Lacen, laborat\u00f3rio p\u00fablico de grande import\u00e2ncia para Sergipe. O deputado Gualberto citou tamb\u00e9m projetos importantes de sua autoria que foram aprovados nos \u00faltimos anos pela Alese. \u201cNa verdade, a Assembleia \u00e9 o grande barco que faz navegar as a\u00e7\u00f5es de cada deputado\u201d, afirma. Entre esses projetos importantes, que viraram lei, est\u00e3o a dispensa do pagamento de cau\u00e7\u00e3o em hospitais privados antes do atendimento; e o projeto de lei que isenta de pagamento de taxas de segunda via de documentos as pessoas que foram v\u00edtimas de roubos ou furtos. \u201cSozinho eu n\u00e3o aprovaria nada. Por isso ressalto a import\u00e2ncia da Assembleia Legislativa e seus deputados. Se eu n\u00e3o estivesse nessa Casa n\u00e3o teria alcance para beneficiar a popula\u00e7\u00e3o sergipana\u201d.<\/p>\n\n\n\n<p>\u201cPortanto, fico a pensar: se todo ser humano usar a Lei de Gerson, que tira vantagem de tudo, para suprir suas defici\u00eancias ou querer sucesso, onde n\u00f3s vamos parar? Por isso n\u00e3o me conformo com ataques \u00e0 Alese. N\u00e3o me calo, e quando a gente vai ver o tamanho da mentalidade pol\u00edtica de quem est\u00e1 querendo abater a Assembleia Legislativa, veremos que ser\u00e1 preciso medir por mil\u00edmetro. Chegar ao desn\u00edvel de querer abater a Assembleia Legislativa para se promover, n\u00e3o aceitarei enquanto estiver nessa Casa\u201d, afirma Francisco Gualberto. \u201cPor isso digo com muita convic\u00e7\u00e3o: diferente dos que atacam a Alese, me apresento com muito orgulho \u00e0 sociedade sergipana dizendo que um grande trunfo que tenho para apresentar s\u00e3o as experi\u00eancia adquiridas nesta Casa parlamentar\u201d.<\/p>\n\n\n\n<p><em>Quer receber as principais not\u00edcias do&nbsp;<strong>SE Not\u00edcias<\/strong>&nbsp;no seu&nbsp;<strong>WhatsApp?<\/strong>&nbsp;<strong><a href=\"https:\/\/api.whatsapp.com\/send?phone=5579991715289\">Clique aqui<\/a><\/strong>.<\/em><\/p>\n\n\n\n<p><strong><em>Acompanhe tamb\u00e9m o SE Not\u00edcias no&nbsp;<a rel=\"noreferrer noopener\" href=\"https:\/\/twitter.com\/Senoticias\" target=\"_blank\">Twitter<\/a>,&nbsp;<a rel=\"noreferrer noopener\" href=\"https:\/\/www.facebook.com\/senoticias1\" target=\"_blank\">Facebook<\/a>&nbsp;e no&nbsp;<a rel=\"noreferrer noopener\" href=\"https:\/\/www.instagram.com\/senoticias\/\" target=\"_blank\">Instagram<\/a><\/em><\/strong>.<\/p>\n\n\n\n<p>Por Gilson Sousa, da assessoria de imprensa <\/p>\n","protected":false},"excerpt":{"rendered":"<p>O deputado estadual Francisco Gualberto (PT), vice-presidente da Assembleia Legislativa de Sergipe (Alese), fez nesta quinta-feira (15) um pronunciamento contundente em defesa da Casa que abriga o trabalho de 24 deputados estaduais. O motivo da defesa foi rebater declara\u00e7\u00f5es consideradas inapropriadas feitas por integrantes da Casa \u00e0 imprensa sergipana questionando a efici\u00eancia e o papel [&hellip;]<\/p>\n","protected":false},"author":6557,"featured_media":0,"comment_status":"closed","ping_status":"closed","sticky":false,"template":"","format":"standard","meta":{"footnotes":""},"categories":[15,6],"tags":[2830,105,8839,11903],"class_list":{"0":"post-128826","1":"post","2":"type-post","3":"status-publish","4":"format-standard","6":"category-destaques","7":"category-politica","8":"tag-alese","9":"tag-assembleia-legislativa-de-sergipe","10":"tag-assembleia-legislativa-de-sergipe-prorroga-periodo-de-inscricoes-para-concurso","11":"tag-deputado-estadual-francisco-gualberto"},"_links":{"self":[{"href":"https:\/\/senoticias.com.br\/se\/wp-json\/wp\/v2\/posts\/128826"}],"collection":[{"href":"https:\/\/senoticias.com.br\/se\/wp-json\/wp\/v2\/posts"}],"about":[{"href":"https:\/\/senoticias.com.br\/se\/wp-json\/wp\/v2\/types\/post"}],"author":[{"embeddable":true,"href":"https:\/\/senoticias.com.br\/se\/wp-json\/wp\/v2\/users\/6557"}],"replies":[{"embeddable":true,"href":"https:\/\/senoticias.com.br\/se\/wp-json\/wp\/v2\/comments?post=128826"}],"version-history":[{"count":0,"href":"https:\/\/senoticias.com.br\/se\/wp-json\/wp\/v2\/posts\/128826\/revisions"}],"wp:attachment":[{"href":"https:\/\/senoticias.com.br\/se\/wp-json\/wp\/v2\/media?parent=128826"}],"wp:term":[{"taxonomy":"category","embeddable":true,"href":"https:\/\/senoticias.com.br\/se\/wp-json\/wp\/v2\/categories?post=128826"},{"taxonomy":"post_tag","embeddable":true,"href":"https:\/\/senoticias.com.br\/se\/wp-json\/wp\/v2\/tags?post=128826"}],"curies":[{"name":"wp","href":"https:\/\/api.w.org\/{rel}","templated":true}]}}