{"id":128808,"date":"2021-07-14T12:30:44","date_gmt":"2021-07-14T15:30:44","guid":{"rendered":"https:\/\/senoticias.com.br\/se\/?p=128808"},"modified":"2021-07-14T12:30:55","modified_gmt":"2021-07-14T15:30:55","slug":"bolsonaro-e-internado-no-hospital-das-forcas-armadas-apos-sentir-dores-abdominais","status":"publish","type":"post","link":"https:\/\/senoticias.com.br\/se\/bolsonaro-e-internado-no-hospital-das-forcas-armadas-apos-sentir-dores-abdominais\/","title":{"rendered":"Bolsonaro \u00e9 internado no Hospital das For\u00e7as Armadas ap\u00f3s sentir dores abdominais"},"content":{"rendered":"\n<p>O presidente Jair Bolsonaro deu entrada nesta quarta-feira (14) no Hospital das For\u00e7as Armadas (HFA), em Bras\u00edlia, para a realiza\u00e7\u00e3o de exames para investigar a causa de solu\u00e7os persistentes que vem tendo h\u00e1 alguns dias. A medida foi tomada por decis\u00e3o de sua equipe m\u00e9dica.<\/p>\n\n\n\n<figure class=\"wp-block-image size-large\"><img loading=\"lazy\" decoding=\"async\" width=\"600\" height=\"400\" src=\"https:\/\/senoticias.com.br\/se\/wp-content\/uploads\/2021\/07\/bolsonaro-senoticias-1.jpg\" alt=\"\" class=\"wp-image-128809\" srcset=\"https:\/\/senoticias.com.br\/se\/wp-content\/uploads\/2021\/07\/bolsonaro-senoticias-1.jpg 600w, https:\/\/senoticias.com.br\/se\/wp-content\/uploads\/2021\/07\/bolsonaro-senoticias-1-300x200.jpg 300w, https:\/\/senoticias.com.br\/se\/wp-content\/uploads\/2021\/07\/bolsonaro-senoticias-1-90x60.jpg 90w, https:\/\/senoticias.com.br\/se\/wp-content\/uploads\/2021\/07\/bolsonaro-senoticias-1-180x120.jpg 180w, https:\/\/senoticias.com.br\/se\/wp-content\/uploads\/2021\/07\/bolsonaro-senoticias-1-95x64.jpg 95w\" sizes=\"(max-width: 600px) 100vw, 600px\" \/><figcaption>A agenda do dia do presidente foi cancelada\nFoto: F\u00e1bio Rodrigues Pozzebom\n\n\n\n\n\n\n\n<\/figcaption><\/figure>\n\n\n\n<p><br>Em nota, a Secretaria Especial de Comunica\u00e7\u00e3o Social informa que Bolsonaro ficar\u00e1 sob observa\u00e7\u00e3o, no per\u00edodo de 24 a 48 horas, n\u00e3o necessariamente no hospital.<\/p>\n\n\n\n<p>A agenda do dia do presidente foi cancelada. Nesta manh\u00e3, ele participaria de uma reuni\u00e3o entres os presidentes do Executivo, Legislativo e Judici\u00e1rio, para discutir as rela\u00e7\u00f5es entre os poderes. O encontro ser\u00e1 oportunamente reagendado.<\/p>\n\n\n\n<p><em>Quer receber as principais not\u00edcias do&nbsp;<strong>SE Not\u00edcias<\/strong>&nbsp;no seu&nbsp;<strong>WhatsApp?<\/strong>&nbsp;<strong><a href=\"https:\/\/api.whatsapp.com\/send?phone=5579991715289\">Clique aqui<\/a><\/strong>.<\/em><\/p>\n\n\n\n<p><strong><em>Acompanhe tamb\u00e9m o SE Not\u00edcias no&nbsp;<a rel=\"noreferrer noopener\" href=\"https:\/\/twitter.com\/Senoticias\" target=\"_blank\">Twitter<\/a>,&nbsp;<a rel=\"noreferrer noopener\" href=\"https:\/\/www.facebook.com\/senoticias1\" target=\"_blank\">Facebook<\/a>&nbsp;e no&nbsp;<a rel=\"noreferrer noopener\" href=\"https:\/\/www.instagram.com\/senoticias\/\" target=\"_blank\">Instagram<\/a><\/em><\/strong>.<\/p>\n\n\n\n<p>Por Ag\u00eancia Brasil<\/p>\n","protected":false},"excerpt":{"rendered":"<p>O presidente Jair Bolsonaro deu entrada nesta quarta-feira (14) no Hospital das For\u00e7as Armadas (HFA), em Bras\u00edlia, para a realiza\u00e7\u00e3o de exames para investigar a causa de solu\u00e7os persistentes que vem tendo h\u00e1 alguns dias. A medida foi tomada por decis\u00e3o de sua equipe m\u00e9dica. Em nota, a Secretaria Especial de Comunica\u00e7\u00e3o Social informa que [&hellip;]<\/p>\n","protected":false},"author":6557,"featured_media":0,"comment_status":"closed","ping_status":"closed","sticky":false,"template":"","format":"standard","meta":{"footnotes":""},"categories":[15,6],"tags":[3272,34588,34589],"class_list":{"0":"post-128808","1":"post","2":"type-post","3":"status-publish","4":"format-standard","6":"category-destaques","7":"category-politica","8":"tag-bolsonaro","9":"tag-bolsonaro-e-internado","10":"tag-hospital-das-forcas-armadas"},"_links":{"self":[{"href":"https:\/\/senoticias.com.br\/se\/wp-json\/wp\/v2\/posts\/128808"}],"collection":[{"href":"https:\/\/senoticias.com.br\/se\/wp-json\/wp\/v2\/posts"}],"about":[{"href":"https:\/\/senoticias.com.br\/se\/wp-json\/wp\/v2\/types\/post"}],"author":[{"embeddable":true,"href":"https:\/\/senoticias.com.br\/se\/wp-json\/wp\/v2\/users\/6557"}],"replies":[{"embeddable":true,"href":"https:\/\/senoticias.com.br\/se\/wp-json\/wp\/v2\/comments?post=128808"}],"version-history":[{"count":0,"href":"https:\/\/senoticias.com.br\/se\/wp-json\/wp\/v2\/posts\/128808\/revisions"}],"wp:attachment":[{"href":"https:\/\/senoticias.com.br\/se\/wp-json\/wp\/v2\/media?parent=128808"}],"wp:term":[{"taxonomy":"category","embeddable":true,"href":"https:\/\/senoticias.com.br\/se\/wp-json\/wp\/v2\/categories?post=128808"},{"taxonomy":"post_tag","embeddable":true,"href":"https:\/\/senoticias.com.br\/se\/wp-json\/wp\/v2\/tags?post=128808"}],"curies":[{"name":"wp","href":"https:\/\/api.w.org\/{rel}","templated":true}]}}