{"id":128798,"date":"2021-07-13T19:39:28","date_gmt":"2021-07-13T22:39:28","guid":{"rendered":"https:\/\/senoticias.com.br\/se\/?p=128798"},"modified":"2021-07-13T19:43:09","modified_gmt":"2021-07-13T22:43:09","slug":"defesa-civil-de-aracaju-emite-alerta-de-chuvas-para-as-proximas-48-horas","status":"publish","type":"post","link":"https:\/\/senoticias.com.br\/se\/defesa-civil-de-aracaju-emite-alerta-de-chuvas-para-as-proximas-48-horas\/","title":{"rendered":"Defesa Civil de Aracaju emite alerta de chuvas para as pr\u00f3ximas 48 horas"},"content":{"rendered":"\n<p><\/p>\n\n\n\n<p>A Prefeitura de Aracaju est\u00e1 com as suas equipes em aten\u00e7\u00e3o para a possibilidade de chuvas moderadas, na capital, nas pr\u00f3ximas 48h. Com o objetivo de informar a popula\u00e7\u00e3o sobre a instabilidade, a Secretaria da Defesa Social e da Cidadania (Semdec), por meio da Defesa Civil de Aracaju, emitiu alerta via servi\u00e7o SMS 40199.<\/p>\n\n\n\n<figure class=\"wp-block-image size-large\"><img loading=\"lazy\" decoding=\"async\" width=\"581\" height=\"388\" src=\"https:\/\/senoticias.com.br\/se\/wp-content\/uploads\/2021\/05\/Chuvas-em-Sergipe-SE-Noticias.jpg\" alt=\"\" class=\"wp-image-128062\" srcset=\"https:\/\/senoticias.com.br\/se\/wp-content\/uploads\/2021\/05\/Chuvas-em-Sergipe-SE-Noticias.jpg 581w, https:\/\/senoticias.com.br\/se\/wp-content\/uploads\/2021\/05\/Chuvas-em-Sergipe-SE-Noticias-300x200.jpg 300w, https:\/\/senoticias.com.br\/se\/wp-content\/uploads\/2021\/05\/Chuvas-em-Sergipe-SE-Noticias-90x60.jpg 90w, https:\/\/senoticias.com.br\/se\/wp-content\/uploads\/2021\/05\/Chuvas-em-Sergipe-SE-Noticias-180x120.jpg 180w, https:\/\/senoticias.com.br\/se\/wp-content\/uploads\/2021\/05\/Chuvas-em-Sergipe-SE-Noticias-95x64.jpg 95w\" sizes=\"(max-width: 581px) 100vw, 581px\" \/><figcaption>O aviso foi divulgado, na manh\u00e3 desta ter\u00e7a-feira, 13, pelo Centro de Previs\u00e3o de Tempo e Estudos Clim\u00e1ticos &#8211; Foto: arqquivo\/AAN<\/figcaption><\/figure>\n\n\n\n<p>O aviso foi divulgado, na manh\u00e3 desta ter\u00e7a-feira, 13, pelo Centro de Previs\u00e3o de Tempo e Estudos Clim\u00e1ticos (CPTEC), a partir do qual os \u00f3rg\u00e3os da gest\u00e3o municipal refor\u00e7am as a\u00e7\u00f5es de monitoramento, com \u00eanfase nas \u00e1reas de risco da capital. Medidas preventivas s\u00e3o executadas sistematicamente para a redu\u00e7\u00e3o de impactos.<\/p>\n\n\n\n<p>&#8220;Nossas equipes atuam de maneira coordenada, junto aos demais \u00f3rg\u00e3os, tanto para executar a\u00e7\u00f5es preventivas quanto para proporcionar uma r\u00e1pida resposta, conforme as necessidade que possam surgir e para atendimento \u00e0 popula\u00e7\u00e3o&#8221;, salienta o secret\u00e1rio da Defesa Social e da Cidadania, Lu\u00eds Fernando Almeida.<\/p>\n\n\n\n<p>Segundo a Defesa Civil de Aracaju, o acumulado de chuva, nesse m\u00eas de julho, j\u00e1 soma, aproximadamente, 280 mil\u00edmetros (mm). &#8220;Isso corresponde a 60 mm a mais que o esperado para todo o m\u00eas, que era de 220 mm. Esse volume nos faz ampliar a aten\u00e7\u00e3o para os rios e encostas, no sentido de assegurar uma r\u00e1pida resposta&#8221;, ressalta o coordenador do \u00f3rg\u00e3o, major S\u00edlvio Prado.<\/p>\n\n\n\n<p>Para situa\u00e7\u00f5es emergenciais, a popula\u00e7\u00e3o pode acionar a Defesa Civil atrav\u00e9s do n\u00famero 199. O servi\u00e7o funciona 24h, todos os dias da semana e deve ser acionado caso sejam observadas situa\u00e7\u00f5es de anormalidade, que possam ser provocadas pela chuva.<\/p>\n\n\n\n<p><strong>SMS 40199<\/strong><\/p>\n\n\n\n<p>Com mais de 51 mil n\u00fameros cadastrados, o servi\u00e7o de alerta por SMS 40199 possibilita que a popula\u00e7\u00e3o receba, de maneira antecipada, as informa\u00e7\u00f5es sobre indicativo de chuvas, mar\u00e9, ventos fortes e outros fen\u00f4menos que possam ocorrer.<\/p>\n\n\n\n<p>Para realizar o cadastro, \u00e9 preciso enviar uma mensagem via <strong>SMS para o n\u00famero 40199<\/strong> e colocar no campo da mensagem o CEP do local sobre o qual deseja receber informa\u00e7\u00f5es. O servi\u00e7o \u00e9 gratuito e permite que uma mesma pessoa cadastre mais de um CEP.<\/p>\n\n\n\n<p><em>Quer receber as principais not\u00edcias do&nbsp;<strong>SE Not\u00edcias<\/strong>&nbsp;no seu&nbsp;<strong>WhatsApp?<\/strong>&nbsp;<strong><a href=\"https:\/\/api.whatsapp.com\/send?phone=5579991715289\">Clique aqui<\/a><\/strong>.<\/em><\/p>\n\n\n\n<p><strong><em>Acompanhe tamb\u00e9m o SE Not\u00edcias no\u00a0<a rel=\"noreferrer noopener\" href=\"https:\/\/twitter.com\/Senoticias\" target=\"_blank\">Twitter<\/a>,\u00a0<a rel=\"noreferrer noopener\" href=\"https:\/\/www.facebook.com\/senoticias1\" target=\"_blank\">Facebook<\/a>\u00a0e no\u00a0<a rel=\"noreferrer noopener\" href=\"https:\/\/www.instagram.com\/senoticias\/\" target=\"_blank\">Instagram<\/a><\/em><\/strong>.<\/p>\n\n\n\n<p>Fonte: Ag\u00eancia Aracaju de Not\u00edcias<\/p>\n","protected":false},"excerpt":{"rendered":"<p>A Prefeitura de Aracaju est\u00e1 com as suas equipes em aten\u00e7\u00e3o para a possibilidade de chuvas moderadas, na capital, nas pr\u00f3ximas 48h. Com o objetivo de informar a popula\u00e7\u00e3o sobre a instabilidade, a Secretaria da Defesa Social e da Cidadania (Semdec), por meio da Defesa Civil de Aracaju, emitiu alerta via servi\u00e7o SMS 40199. O [&hellip;]<\/p>\n","protected":false},"author":6557,"featured_media":0,"comment_status":"closed","ping_status":"closed","sticky":false,"template":"","format":"standard","meta":{"footnotes":""},"categories":[15,6,1],"tags":[119,213,11172],"class_list":{"0":"post-128798","1":"post","2":"type-post","3":"status-publish","4":"format-standard","6":"category-destaques","7":"category-politica","8":"category-sem-categoria","9":"tag-chuvas","10":"tag-prefeitura-de-aracaju","11":"tag-previsao-de-chuvas"},"_links":{"self":[{"href":"https:\/\/senoticias.com.br\/se\/wp-json\/wp\/v2\/posts\/128798"}],"collection":[{"href":"https:\/\/senoticias.com.br\/se\/wp-json\/wp\/v2\/posts"}],"about":[{"href":"https:\/\/senoticias.com.br\/se\/wp-json\/wp\/v2\/types\/post"}],"author":[{"embeddable":true,"href":"https:\/\/senoticias.com.br\/se\/wp-json\/wp\/v2\/users\/6557"}],"replies":[{"embeddable":true,"href":"https:\/\/senoticias.com.br\/se\/wp-json\/wp\/v2\/comments?post=128798"}],"version-history":[{"count":0,"href":"https:\/\/senoticias.com.br\/se\/wp-json\/wp\/v2\/posts\/128798\/revisions"}],"wp:attachment":[{"href":"https:\/\/senoticias.com.br\/se\/wp-json\/wp\/v2\/media?parent=128798"}],"wp:term":[{"taxonomy":"category","embeddable":true,"href":"https:\/\/senoticias.com.br\/se\/wp-json\/wp\/v2\/categories?post=128798"},{"taxonomy":"post_tag","embeddable":true,"href":"https:\/\/senoticias.com.br\/se\/wp-json\/wp\/v2\/tags?post=128798"}],"curies":[{"name":"wp","href":"https:\/\/api.w.org\/{rel}","templated":true}]}}