{"id":128795,"date":"2021-07-13T19:09:00","date_gmt":"2021-07-13T22:09:00","guid":{"rendered":"https:\/\/senoticias.com.br\/se\/?p=128795"},"modified":"2021-07-13T19:09:17","modified_gmt":"2021-07-13T22:09:17","slug":"belivaldo-e-demais-governadores-se-reunem-com-ministro-da-saude-para-acelerar-a-vacinacao","status":"publish","type":"post","link":"https:\/\/senoticias.com.br\/se\/belivaldo-e-demais-governadores-se-reunem-com-ministro-da-saude-para-acelerar-a-vacinacao\/","title":{"rendered":"Belivaldo e demais governadores se re\u00fanem com ministro da Sa\u00fade para acelerar a vacina\u00e7\u00e3o"},"content":{"rendered":"\n<p>O governador Belivaldo Chagas participou nesta ter\u00e7a-feira (13), de videoconfer\u00eancia entre o F\u00f3rum Nacional de Governadores e o ministro da Sa\u00fade, Marcelo Queiroga, com o objetivo principal de buscar acelerar a vacina\u00e7\u00e3o contra a Covid-19 no Brasil.<\/p>\n\n\n\n<figure class=\"wp-block-image size-large is-resized\"><img loading=\"lazy\" decoding=\"async\" src=\"https:\/\/senoticias.com.br\/se\/wp-content\/uploads\/2021\/07\/Belivaldo-Chagas-SE-Noticias.jpg\" alt=\"\" class=\"wp-image-128797\" width=\"551\" height=\"367\" srcset=\"https:\/\/senoticias.com.br\/se\/wp-content\/uploads\/2021\/07\/Belivaldo-Chagas-SE-Noticias.jpg 551w, https:\/\/senoticias.com.br\/se\/wp-content\/uploads\/2021\/07\/Belivaldo-Chagas-SE-Noticias-300x200.jpg 300w, https:\/\/senoticias.com.br\/se\/wp-content\/uploads\/2021\/07\/Belivaldo-Chagas-SE-Noticias-90x60.jpg 90w, https:\/\/senoticias.com.br\/se\/wp-content\/uploads\/2021\/07\/Belivaldo-Chagas-SE-Noticias-180x120.jpg 180w, https:\/\/senoticias.com.br\/se\/wp-content\/uploads\/2021\/07\/Belivaldo-Chagas-SE-Noticias-95x64.jpg 95w\" sizes=\"(max-width: 551px) 100vw, 551px\" \/><figcaption>A reuni\u00e3o aconteceu por meio de videoconfer\u00eancia entre o F\u00f3rum Nacional de Governadores e o ministro Marcelo Queiroga &#8211; Foto: ASN<\/figcaption><\/figure>\n\n\n\n<p>Dentre as v\u00e1rias pautas que foram levadas ao Minist\u00e9rio da Sa\u00fade est\u00e1 a antecipa\u00e7\u00e3o da 2\u00aa dose das vacinas <strong>Pfizer e AstraZeneca,<\/strong> de 90 para 60 dias. Este protocolo j\u00e1 est\u00e1 sendo adotado nos Estados Unidos e na Europa e ser\u00e1 feita uma consulta ao Programa Nacional de Imuniza\u00e7\u00f5es (PNI) para que isso seja utilizado em todos os estados brasileiros.<\/p>\n\n\n\n<p>Segundo Belivaldo, tamb\u00e9m foi solicitado um calend\u00e1rio semanal de entrega das doses pelo Minist\u00e9rio da Sa\u00fade at\u00e9 outubro, para que os estados possam organizar um cronograma pr\u00f3prio. \u201cO Governo Federal tamb\u00e9m ficou encarregado de enviar uma nota t\u00e9cnica para todos os estados com recomenda\u00e7\u00f5es e protocolos para o retorno das aulas presenciais no pa\u00eds inteiro, j\u00e1 a partir de agosto\u201d, disse.<\/p>\n\n\n\n<p>Em rela\u00e7\u00e3o \u00e0 Sputnik V, que tem previs\u00e3o de chegada ao pa\u00eds neste m\u00eas, o Minist\u00e9rio da Sa\u00fade ainda vai decidir se as doses v\u00e3o integrar o PNI. Neste caso, o Governo Federal adquiria as doses e as distribuiria proporcionalmente entre todos os estados.<\/p>\n\n\n\n<p>\u201cTodas as propostas, assim como a vacina\u00e7\u00e3o de menores de 18 anos, ser\u00e3o levadas e discutidas pelos representantes da Sa\u00fade dos estados, munic\u00edpios e Minist\u00e9rio na pr\u00f3xima reuni\u00e3o do PNI, que vai acontecer ainda nesta semana\u201d, informou o governador de Sergipe.<\/p>\n\n\n\n<p><em>Quer receber as principais not\u00edcias do&nbsp;<strong>SE Not\u00edcias<\/strong>&nbsp;no seu&nbsp;<strong>WhatsApp?<\/strong>&nbsp;<strong><a href=\"https:\/\/api.whatsapp.com\/send?phone=5579991715289\">Clique aqui<\/a><\/strong>.<\/em><\/p>\n\n\n\n<p><strong><em>Acompanhe tamb\u00e9m o SE Not\u00edcias no\u00a0<a rel=\"noreferrer noopener\" href=\"https:\/\/twitter.com\/Senoticias\" target=\"_blank\">Twitter<\/a>,\u00a0<a rel=\"noreferrer noopener\" href=\"https:\/\/www.facebook.com\/senoticias1\" target=\"_blank\">Facebook<\/a>\u00a0e no\u00a0<a rel=\"noreferrer noopener\" href=\"https:\/\/www.instagram.com\/senoticias\/\" target=\"_blank\">Instagram<\/a><\/em><\/strong>.<\/p>\n\n\n\n<p>Fonte: Agencia Sergipe de Not\u00edcias<\/p>\n","protected":false},"excerpt":{"rendered":"<p>O governador Belivaldo Chagas participou nesta ter\u00e7a-feira (13), de videoconfer\u00eancia entre o F\u00f3rum Nacional de Governadores e o ministro da Sa\u00fade, Marcelo Queiroga, com o objetivo principal de buscar acelerar a vacina\u00e7\u00e3o contra a Covid-19 no Brasil. Dentre as v\u00e1rias pautas que foram levadas ao Minist\u00e9rio da Sa\u00fade est\u00e1 a antecipa\u00e7\u00e3o da 2\u00aa dose das [&hellip;]<\/p>\n","protected":false},"author":6557,"featured_media":0,"comment_status":"closed","ping_status":"closed","sticky":false,"template":"","format":"standard","meta":{"footnotes":""},"categories":[15,6,1],"tags":[2806,14279,1869,14369,2882],"class_list":{"0":"post-128795","1":"post","2":"type-post","3":"status-publish","4":"format-standard","6":"category-destaques","7":"category-politica","8":"category-sem-categoria","9":"tag-belivaldo-chagas","10":"tag-covid19","11":"tag-ministro-da-saude","12":"tag-pandemia","13":"tag-vacinacao"},"_links":{"self":[{"href":"https:\/\/senoticias.com.br\/se\/wp-json\/wp\/v2\/posts\/128795"}],"collection":[{"href":"https:\/\/senoticias.com.br\/se\/wp-json\/wp\/v2\/posts"}],"about":[{"href":"https:\/\/senoticias.com.br\/se\/wp-json\/wp\/v2\/types\/post"}],"author":[{"embeddable":true,"href":"https:\/\/senoticias.com.br\/se\/wp-json\/wp\/v2\/users\/6557"}],"replies":[{"embeddable":true,"href":"https:\/\/senoticias.com.br\/se\/wp-json\/wp\/v2\/comments?post=128795"}],"version-history":[{"count":0,"href":"https:\/\/senoticias.com.br\/se\/wp-json\/wp\/v2\/posts\/128795\/revisions"}],"wp:attachment":[{"href":"https:\/\/senoticias.com.br\/se\/wp-json\/wp\/v2\/media?parent=128795"}],"wp:term":[{"taxonomy":"category","embeddable":true,"href":"https:\/\/senoticias.com.br\/se\/wp-json\/wp\/v2\/categories?post=128795"},{"taxonomy":"post_tag","embeddable":true,"href":"https:\/\/senoticias.com.br\/se\/wp-json\/wp\/v2\/tags?post=128795"}],"curies":[{"name":"wp","href":"https:\/\/api.w.org\/{rel}","templated":true}]}}