{"id":128770,"date":"2021-07-12T14:27:10","date_gmt":"2021-07-12T17:27:10","guid":{"rendered":"https:\/\/senoticias.com.br\/se\/?p=128770"},"modified":"2021-07-12T14:27:31","modified_gmt":"2021-07-12T17:27:31","slug":"inscricoes-para-o-enem-terminam-na-quarta-feira","status":"publish","type":"post","link":"https:\/\/senoticias.com.br\/se\/inscricoes-para-o-enem-terminam-na-quarta-feira\/","title":{"rendered":"Inscri\u00e7\u00f5es para o Enem terminam na quarta-feira"},"content":{"rendered":"\n<p>Termina na pr\u00f3xima quarta-feira (14) o prazo para inscri\u00e7\u00e3o no Exame Nacional do Ensino M\u00e9dio (Enem) 2021. Os interessados em participar do certame, isentos ou n\u00e3o, devem acessar o site do Instituto Nacional de Estudos e Pesquisas Educacionais An\u00edsio Teixeira (Inep) para faz\u00ea-lo, na P\u00e1gina do Participante.<\/p>\n\n\n\n<figure class=\"wp-block-image size-large\"><img loading=\"lazy\" decoding=\"async\" width=\"1024\" height=\"613\" src=\"https:\/\/senoticias.com.br\/se\/wp-content\/uploads\/2021\/07\/enem-senoticias-1024x613.jpg\" alt=\"\" class=\"wp-image-128771\"\/><figcaption>Provas digitais e impressas ser\u00e3o aplicadas em novembro\n<\/figcaption><\/figure>\n\n\n\n<p>A taxa de inscri\u00e7\u00e3o para os n\u00e3o isentos \u00e9 de R$ 85. O pagamento deve ser feito por meio de Guia de Recolhimento da Uni\u00e3o (GRU Cobran\u00e7a).<\/p>\n\n\n\n<p><strong>Provas<\/strong><br>As provas do Enem 2021 ser\u00e3o aplicadas nos dias 21 e 28 de novembro, tanto a vers\u00e3o digital quanto a impressa. As duas vers\u00f5es tamb\u00e9m ter\u00e3o a mesma estrutura de prova: quatro cadernos de quest\u00f5es e a reda\u00e7\u00e3o.<\/p>\n\n\n\n<p>Cada prova ter\u00e1 45 quest\u00f5es de m\u00faltipla escolha, que, no caso do Enem Digital, ser\u00e3o apresentadas na tela do computador. J\u00e1 a reda\u00e7\u00e3o ser\u00e1 realizada em formato impresso, nos mesmos moldes de aplica\u00e7\u00e3o e corre\u00e7\u00e3o da vers\u00e3o em papel. Os participantes receber\u00e3o folhas de rascunho nos dois dias.<\/p>\n\n\n\n<p>No primeiro dia, ser\u00e3o aplicadas as provas de linguagens, c\u00f3digos e suas tecnologias, e ci\u00eancias humanas e suas tecnologias, al\u00e9m da reda\u00e7\u00e3o. A aplica\u00e7\u00e3o regular ter\u00e1 cinco horas e 30 minutos de dura\u00e7\u00e3o.<\/p>\n\n\n\n<p>No segundo dia, as provas ser\u00e3o de ci\u00eancias da natureza e suas tecnologias, e matem\u00e1tica e suas tecnologias. Nesse caso, a aplica\u00e7\u00e3o regular ter\u00e1 cinco horas de dura\u00e7\u00e3o.<\/p>\n\n\n\n<p><em>Quer receber as principais not\u00edcias do&nbsp;<strong>SE Not\u00edcias<\/strong>&nbsp;no seu&nbsp;<strong>WhatsApp?<\/strong>&nbsp;<strong><a href=\"https:\/\/api.whatsapp.com\/send?phone=5579991715289\">Clique aqui<\/a><\/strong>.<\/em><\/p>\n\n\n\n<p><strong><em>Acompanhe tamb\u00e9m o SE Not\u00edcias no&nbsp;<a rel=\"noreferrer noopener\" href=\"https:\/\/twitter.com\/Senoticias\" target=\"_blank\">Twitter<\/a>,&nbsp;<a rel=\"noreferrer noopener\" href=\"https:\/\/www.facebook.com\/senoticias1\" target=\"_blank\">Facebook<\/a>&nbsp;e no&nbsp;<a rel=\"noreferrer noopener\" href=\"https:\/\/www.instagram.com\/senoticias\/\" target=\"_blank\">Instagram<\/a><\/em><\/strong>.<\/p>\n","protected":false},"excerpt":{"rendered":"<p>Termina na pr\u00f3xima quarta-feira (14) o prazo para inscri\u00e7\u00e3o no Exame Nacional do Ensino M\u00e9dio (Enem) 2021. Os interessados em participar do certame, isentos ou n\u00e3o, devem acessar o site do Instituto Nacional de Estudos e Pesquisas Educacionais An\u00edsio Teixeira (Inep) para faz\u00ea-lo, na P\u00e1gina do Participante. A taxa de inscri\u00e7\u00e3o para os n\u00e3o isentos [&hellip;]<\/p>\n","protected":false},"author":6557,"featured_media":0,"comment_status":"closed","ping_status":"closed","sticky":false,"template":"","format":"standard","meta":{"footnotes":""},"categories":[15,44],"tags":[1306,764,6135,12121],"class_list":{"0":"post-128770","1":"post","2":"type-post","3":"status-publish","4":"format-standard","6":"category-destaques","7":"category-educacao","8":"tag-educacao","9":"tag-enem","10":"tag-inep","11":"tag-inscricao-enem"},"_links":{"self":[{"href":"https:\/\/senoticias.com.br\/se\/wp-json\/wp\/v2\/posts\/128770"}],"collection":[{"href":"https:\/\/senoticias.com.br\/se\/wp-json\/wp\/v2\/posts"}],"about":[{"href":"https:\/\/senoticias.com.br\/se\/wp-json\/wp\/v2\/types\/post"}],"author":[{"embeddable":true,"href":"https:\/\/senoticias.com.br\/se\/wp-json\/wp\/v2\/users\/6557"}],"replies":[{"embeddable":true,"href":"https:\/\/senoticias.com.br\/se\/wp-json\/wp\/v2\/comments?post=128770"}],"version-history":[{"count":0,"href":"https:\/\/senoticias.com.br\/se\/wp-json\/wp\/v2\/posts\/128770\/revisions"}],"wp:attachment":[{"href":"https:\/\/senoticias.com.br\/se\/wp-json\/wp\/v2\/media?parent=128770"}],"wp:term":[{"taxonomy":"category","embeddable":true,"href":"https:\/\/senoticias.com.br\/se\/wp-json\/wp\/v2\/categories?post=128770"},{"taxonomy":"post_tag","embeddable":true,"href":"https:\/\/senoticias.com.br\/se\/wp-json\/wp\/v2\/tags?post=128770"}],"curies":[{"name":"wp","href":"https:\/\/api.w.org\/{rel}","templated":true}]}}