{"id":128768,"date":"2021-07-12T13:57:25","date_gmt":"2021-07-12T16:57:25","guid":{"rendered":"https:\/\/senoticias.com.br\/se\/?p=128768"},"modified":"2021-07-12T13:57:34","modified_gmt":"2021-07-12T16:57:34","slug":"circuito-de-brincadeiras-a-moda-antiga-aporta-no-shopping-jardins","status":"publish","type":"post","link":"https:\/\/senoticias.com.br\/se\/circuito-de-brincadeiras-a-moda-antiga-aporta-no-shopping-jardins\/","title":{"rendered":"Circuito de brincadeiras \u00e0 moda antiga aporta no Shopping Jardins"},"content":{"rendered":"\n<p>As f\u00e9rias chegaram e o Shopping Jardins preparou uma programa\u00e7\u00e3o especial para a crian\u00e7ada curtir o tempo livre com alegria, seguran\u00e7a e na companhia dos pais em Aracaju (SE). O evento \u2018Diverch\u00e3o\u2019 acontece at\u00e9 o dia 28 de julho e est\u00e1 distribu\u00eddo em diferentes esta\u00e7\u00f5es instaladas no mall. A a\u00e7\u00e3o conta com um circuito que resgata algumas recrea\u00e7\u00f5es antigas e convida toda a fam\u00edlia a explorar o universo l\u00fadico das brincadeiras que atravessam gera\u00e7\u00f5es. O acesso \u00e9 gratuito.<\/p>\n\n\n\n<figure class=\"wp-block-image size-large\"><img loading=\"lazy\" decoding=\"async\" width=\"1024\" height=\"659\" src=\"https:\/\/senoticias.com.br\/se\/wp-content\/uploads\/2021\/07\/shopping-senoticias-1024x659.jpg\" alt=\"\" class=\"wp-image-128769\"\/><figcaption> O evento \u2018Diverch\u00e3o\u2019 acontece at\u00e9 o dia 28 de julho e est\u00e1 distribu\u00eddo em diferentes esta\u00e7\u00f5es instaladas no mall<\/figcaption><\/figure>\n\n\n\n<p>\u201cQueremos proporcionar \u00e0 garotada a oportunidade de conhecer as atividades praticadas pelos av\u00f3s e pais, apresentando entretenimento que remete \u00e0s f\u00e9rias vividas por eles, e fazendo com que os pequenos se desconectem um pouco dos smartphones, tablets e computadores\u201d, pontua Ac\u00e1cia Sandes, gerente de marketing do Shopping Jardins. As atra\u00e7\u00f5es foram concebidas para promover intera\u00e7\u00e3o com a fam\u00edlia e com outras crian\u00e7as, respeitando o distanciamento social e os protocolos sanit\u00e1rios determinados pelos decretos governamentais.<\/p>\n\n\n\n<p><strong>Circuito de brincadeiras<\/strong><\/p>\n\n\n\n<p>Em frente \u00e0 C&amp;A, os pequenos encontram a esta\u00e7\u00e3o \u2018Jogo da Lava\u2019, uma super brincadeira que mexe com a imagina\u00e7\u00e3o da crian\u00e7ada. Durante a aventura no espa\u00e7o coberto de lava, o participante exercita o equil\u00edbrio e reflete sobre estrat\u00e9gias para superar os obst\u00e1culos, sem pisar no ch\u00e3o.<\/p>\n\n\n\n<p>A \u2018Amarelinha\u2019, localizada bem pertinho do Cinemark, \u00e9 uma das mais antigas brincadeiras. Acredita-se que tenha sido criada na Roma Antiga, mas o seu primeiro registro confirmado data do s\u00e9culo 17. Al\u00e9m de proporcionar muita divers\u00e3o, pular amarelinha promove in\u00fameros benef\u00edcios, como desenvolvimento muscular e motor, controle corporal, favorece o equil\u00edbrio e a intera\u00e7\u00e3o com outras crian\u00e7as.<\/p>\n\n\n\n<p>Seguindo o roteiro, os aventureiros encontram o Labirinto, instalado na Pra\u00e7a de Eventos Girassol, ao lado do Canephora Caf\u00e9. A brincadeira ajuda a desenvolver habilidades como coordena\u00e7\u00e3o motora e os sensos de l\u00f3gica, dire\u00e7\u00e3o, organiza\u00e7\u00e3o e planejamento.<\/p>\n\n\n\n<p><strong>Jardim Encantado<\/strong><\/p>\n\n\n\n<p>No ambiente tem\u00e1tico e instagram\u00e1vel instalado na Pra\u00e7a de Eventos Ip\u00ea, em frente \u00e0 Riachuelo, crian\u00e7as e adultos t\u00eam a oportunidade de fazer belos registros das f\u00e9rias de julho e se divertir com mais brincadeiras. Al\u00e9m de garantir as famosas selfies, o visitante pode curtir o jogo da velha, el\u00e1stico e caracol e arriscar a sorte na m\u00e1quina gigante de &#8216;pega pel\u00facia&#8217;.<\/p>\n\n\n\n<p><strong>Visita ao lago<\/strong><\/p>\n\n\n\n<p>\u00c0s sextas-feiras e s\u00e1bados, das 16h \u00e0s 17h30, acontecem visitas-guiadas ao Jardim Central, localizado na Pra\u00e7a de Alimenta\u00e7\u00e3o Jardins. Durante a conta\u00e7\u00e3o de hist\u00f3ria, o p\u00fablico tem a oportunidade de aprender sobre as esp\u00e9cies criadas no lago e ver os peixinhos de perto. Ao final, as crian\u00e7as participantes ganham o certificado de \u2018Amigo dos animais\u2019, como forma de estimular a consci\u00eancia e o respeito ambiental.<\/p>\n\n\n\n<p>As visitas-guiadas s\u00e3o gratuitas e re\u00fanem, no m\u00e1ximo, 20 pessoas, sendo 10 crian\u00e7as acompanhadas por um adulto. Para participar, basta o respons\u00e1vel pelo pequeno ir ao Balc\u00e3o de Informa\u00e7\u00f5es, localizado em frente \u00e0 Portaria A, apresentar cadastro na plataforma Shopping Jardins Online e agendar a visita.<\/p>\n\n\n\n<p>No Balc\u00e3o de Informa\u00e7\u00f5es tamb\u00e9m est\u00e3o dispon\u00edveis o mapa da divers\u00e3o com o roteiro das brincadeiras das f\u00e9rias do Shopping Jardins e \u00e1lbum de figurinhas incr\u00edveis sobre antigas brincadeiras e curiosidades. Os cards autocolantes est\u00e3o dispon\u00edveis em lojas do shopping. Para retir\u00e1-los, basta seguir as orienta\u00e7\u00f5es contidas no \u00e1lbum e iniciar uma divertida aventura em busca das figurinhas.<\/p>\n\n\n\n<p><strong>\u2018Diverch\u00e3o\u2019<\/strong><\/p>\n\n\n\n<p>O qu\u00ea? Circuito de divers\u00e3o com brincadeiras antigas, visita ao jardim central com conta\u00e7\u00e3o de hist\u00f3rias e ambientes para fotos, em esta\u00e7\u00f5es distribu\u00eddas pelo Shopping Jardins.<br>Quando? De 7 a 28 de julho, de segunda a s\u00e1bado, das 10h \u00e0s 21h, e aos domingos, das 14h \u00e0s 20h.<br>Onde? Shopping Jardins, localizado na Avenida Ministro Geraldo Barreto Sobral, 215, bairro Jardins, em Aracaju | SE.<br>Acesso? Gratuito.<br>Mais informa\u00e7\u00f5es: (79) 2107-5555| shoppingjardins.com.br | @ShoppingJardins<\/p>\n\n\n\n<p><em>Quer receber as principais not\u00edcias do&nbsp;<strong>SE Not\u00edcias<\/strong>&nbsp;no seu&nbsp;<strong>WhatsApp?<\/strong>&nbsp;<strong><a href=\"https:\/\/api.whatsapp.com\/send?phone=5579991715289\">Clique aqui<\/a><\/strong>.<\/em><\/p>\n\n\n\n<p><strong><em>Acompanhe tamb\u00e9m o SE Not\u00edcias no&nbsp;<a rel=\"noreferrer noopener\" href=\"https:\/\/twitter.com\/Senoticias\" target=\"_blank\">Twitter<\/a>,&nbsp;<a rel=\"noreferrer noopener\" href=\"https:\/\/www.facebook.com\/senoticias1\" target=\"_blank\">Facebook<\/a>&nbsp;e no&nbsp;<a rel=\"noreferrer noopener\" href=\"https:\/\/www.instagram.com\/senoticias\/\" target=\"_blank\">Instagram<\/a><\/em><\/strong>.<\/p>\n\n\n\n<p>Assessoria de imprensa<br>Lotti+Caldas Comunica\u00e7\u00e3o<\/p>\n","protected":false},"excerpt":{"rendered":"<p>As f\u00e9rias chegaram e o Shopping Jardins preparou uma programa\u00e7\u00e3o especial para a crian\u00e7ada curtir o tempo livre com alegria, seguran\u00e7a e na companhia dos pais em Aracaju (SE). O evento \u2018Diverch\u00e3o\u2019 acontece at\u00e9 o dia 28 de julho e est\u00e1 distribu\u00eddo em diferentes esta\u00e7\u00f5es instaladas no mall. A a\u00e7\u00e3o conta com um circuito que [&hellip;]<\/p>\n","protected":false},"author":6557,"featured_media":0,"comment_status":"closed","ping_status":"closed","sticky":false,"template":"","format":"standard","meta":{"footnotes":""},"categories":[15,21],"tags":[34571,34570,4147,4939],"class_list":{"0":"post-128768","1":"post","2":"type-post","3":"status-publish","4":"format-standard","6":"category-destaques","7":"category-entretenimento","8":"tag-diverchao","9":"tag-evento-infantil","10":"tag-ferias","11":"tag-shopping-jardins"},"_links":{"self":[{"href":"https:\/\/senoticias.com.br\/se\/wp-json\/wp\/v2\/posts\/128768"}],"collection":[{"href":"https:\/\/senoticias.com.br\/se\/wp-json\/wp\/v2\/posts"}],"about":[{"href":"https:\/\/senoticias.com.br\/se\/wp-json\/wp\/v2\/types\/post"}],"author":[{"embeddable":true,"href":"https:\/\/senoticias.com.br\/se\/wp-json\/wp\/v2\/users\/6557"}],"replies":[{"embeddable":true,"href":"https:\/\/senoticias.com.br\/se\/wp-json\/wp\/v2\/comments?post=128768"}],"version-history":[{"count":0,"href":"https:\/\/senoticias.com.br\/se\/wp-json\/wp\/v2\/posts\/128768\/revisions"}],"wp:attachment":[{"href":"https:\/\/senoticias.com.br\/se\/wp-json\/wp\/v2\/media?parent=128768"}],"wp:term":[{"taxonomy":"category","embeddable":true,"href":"https:\/\/senoticias.com.br\/se\/wp-json\/wp\/v2\/categories?post=128768"},{"taxonomy":"post_tag","embeddable":true,"href":"https:\/\/senoticias.com.br\/se\/wp-json\/wp\/v2\/tags?post=128768"}],"curies":[{"name":"wp","href":"https:\/\/api.w.org\/{rel}","templated":true}]}}