{"id":128765,"date":"2021-07-11T19:35:14","date_gmt":"2021-07-11T22:35:14","guid":{"rendered":"https:\/\/senoticias.com.br\/se\/?p=128765"},"modified":"2021-07-11T19:37:32","modified_gmt":"2021-07-11T22:37:32","slug":"morre-promotor-de-justica-de-caninde-do-sao-francisco-por-complicacoes-da-covid-19","status":"publish","type":"post","link":"https:\/\/senoticias.com.br\/se\/morre-promotor-de-justica-de-caninde-do-sao-francisco-por-complicacoes-da-covid-19\/","title":{"rendered":"Morre Promotor de Justi\u00e7a de Canind\u00e9 do S\u00e3o Francisco por complica\u00e7\u00f5es da Covid-19"},"content":{"rendered":"\n<p>O Promotor de Justi\u00e7a de Canind\u00e9 do S\u00e3o Francisco, Emerson Oliveira Andrade, 49 anos, morreu por complica\u00e7\u00f5es da Covid-19, no Hospital Primavera, em Aracaju na tarde deste domingo, 11. A informa\u00e7\u00e3o foi confirmada pelo Secretaria-Geral do Minist\u00e9rio P\u00fablico de Sergipe.<\/p>\n\n\n\n<figure class=\"wp-block-image size-large\"><img loading=\"lazy\" decoding=\"async\" width=\"406\" height=\"489\" src=\"https:\/\/senoticias.com.br\/se\/wp-content\/uploads\/2021\/07\/Procede.jpg\" alt=\"\" class=\"wp-image-128766\" srcset=\"https:\/\/senoticias.com.br\/se\/wp-content\/uploads\/2021\/07\/Procede.jpg 406w, https:\/\/senoticias.com.br\/se\/wp-content\/uploads\/2021\/07\/Procede-249x300.jpg 249w\" sizes=\"(max-width: 406px) 100vw, 406px\" \/><\/figure>\n\n\n\n<p>O Minist\u00e9rio P\u00fablico de Sergipe comunica, com profundo pesar, o falecimento do Promotor de Justi\u00e7a, Emerson Oliveira Andrade, titular da Promotoria de Justi\u00e7a de Canind\u00e9 do S\u00e3o Francisco, v\u00edtima da COVID-19.<\/p>\n\n\n\n<p>Em breve, detalhes do vel\u00f3rio e do sepultamento.<br>A institui\u00e7\u00e3o se solidariza com sua fam\u00edlia e amigos.<\/p>\n\n\n\n<p><em>Quer receber as principais not\u00edcias do&nbsp;<strong>SE Not\u00edcias<\/strong>&nbsp;no seu&nbsp;<strong>WhatsApp?<\/strong>&nbsp;<strong><a href=\"https:\/\/api.whatsapp.com\/send?phone=5579991715289\">Clique aqui<\/a><\/strong>.<\/em><\/p>\n\n\n\n<p><strong><em>Acompanhe tamb\u00e9m o SE Not\u00edcias no\u00a0<a rel=\"noreferrer noopener\" href=\"https:\/\/twitter.com\/Senoticias\" target=\"_blank\">Twitter<\/a>,\u00a0<a rel=\"noreferrer noopener\" href=\"https:\/\/www.facebook.com\/senoticias1\" target=\"_blank\">Facebook<\/a>\u00a0e no\u00a0<a rel=\"noreferrer noopener\" href=\"https:\/\/www.instagram.com\/senoticias\/\" target=\"_blank\">Instagram<\/a><\/em><\/strong>.<\/p>\n\n\n\n<p>Reda\u00e7\u00e3o SE Not\u00edcias<\/p>\n","protected":false},"excerpt":{"rendered":"<p>O Promotor de Justi\u00e7a de Canind\u00e9 do S\u00e3o Francisco, Emerson Oliveira Andrade, 49 anos, morreu por complica\u00e7\u00f5es da Covid-19, no Hospital Primavera, em Aracaju na tarde deste domingo, 11. A informa\u00e7\u00e3o foi confirmada pelo Secretaria-Geral do Minist\u00e9rio P\u00fablico de Sergipe. O Minist\u00e9rio P\u00fablico de Sergipe comunica, com profundo pesar, o falecimento do Promotor de Justi\u00e7a, [&hellip;]<\/p>\n","protected":false},"author":6557,"featured_media":0,"comment_status":"closed","ping_status":"closed","sticky":false,"template":"","format":"standard","meta":{"footnotes":""},"categories":[15,8],"tags":[597,14279,34567,14369],"class_list":{"0":"post-128765","1":"post","2":"type-post","3":"status-publish","4":"format-standard","6":"category-destaques","7":"category-esporte-e-cultura","8":"tag-caninde-do-sao-francisco","9":"tag-covid19","10":"tag-emerson-oliveira-andrade","11":"tag-pandemia"},"_links":{"self":[{"href":"https:\/\/senoticias.com.br\/se\/wp-json\/wp\/v2\/posts\/128765"}],"collection":[{"href":"https:\/\/senoticias.com.br\/se\/wp-json\/wp\/v2\/posts"}],"about":[{"href":"https:\/\/senoticias.com.br\/se\/wp-json\/wp\/v2\/types\/post"}],"author":[{"embeddable":true,"href":"https:\/\/senoticias.com.br\/se\/wp-json\/wp\/v2\/users\/6557"}],"replies":[{"embeddable":true,"href":"https:\/\/senoticias.com.br\/se\/wp-json\/wp\/v2\/comments?post=128765"}],"version-history":[{"count":0,"href":"https:\/\/senoticias.com.br\/se\/wp-json\/wp\/v2\/posts\/128765\/revisions"}],"wp:attachment":[{"href":"https:\/\/senoticias.com.br\/se\/wp-json\/wp\/v2\/media?parent=128765"}],"wp:term":[{"taxonomy":"category","embeddable":true,"href":"https:\/\/senoticias.com.br\/se\/wp-json\/wp\/v2\/categories?post=128765"},{"taxonomy":"post_tag","embeddable":true,"href":"https:\/\/senoticias.com.br\/se\/wp-json\/wp\/v2\/tags?post=128765"}],"curies":[{"name":"wp","href":"https:\/\/api.w.org\/{rel}","templated":true}]}}