{"id":128756,"date":"2021-07-11T09:55:00","date_gmt":"2021-07-11T12:55:00","guid":{"rendered":"https:\/\/senoticias.com.br\/se\/?p=128756"},"modified":"2021-07-11T09:59:47","modified_gmt":"2021-07-11T12:59:47","slug":"preso-autor-de-homicidio-motivado-por-brigas-de-torcidas-da-capital","status":"publish","type":"post","link":"https:\/\/senoticias.com.br\/se\/preso-autor-de-homicidio-motivado-por-brigas-de-torcidas-da-capital\/","title":{"rendered":"Preso autor de homic\u00eddio motivado por brigas de torcidas da capital"},"content":{"rendered":"\n<p><\/p>\n\n\n\n<p>Uma briga entre dois vizinhos, torcedores de times rivais, terminou em trag\u00e9dia, no m\u00eas de mar\u00e7o. <strong>O pedreiro Jo\u00e3o Vieira de Lima, de 59 anos<\/strong>, foi atropelado e esfaqueado pelo vizinho, que estava sendo investigado pelo Departamento de Homic\u00eddios e Prote\u00e7\u00e3o \u00e0 Pessoa. Na tarde desta sexta-feira, 09, o autor do homic\u00eddio foi preso em Porto da Folha, sert\u00e3o sergipano, em uma a\u00e7\u00e3o conjunta do DHPP e da Companhia de Opera\u00e7\u00e3o em \u00c1rea de Caatinga (Ciopac), da Pol\u00edcia Militar de Sergipe.<\/p>\n\n\n\n<div class=\"wp-block-image\"><figure class=\"alignright size-large\"><img loading=\"lazy\" decoding=\"async\" width=\"300\" height=\"250\" src=\"https:\/\/senoticias.com.br\/se\/wp-content\/uploads\/2021\/07\/Vitima-do-homicidio-SE-Noticias.jpg\" alt=\"\" class=\"wp-image-128757\"\/><figcaption>O pedreiro Jo\u00e3o Vieira de Lima, de 59 anos, foi morto ap\u00f3s uma discuss\u00e3o sobre times de futebol &#8211; Foto: arquivo\/fam\u00edlia<\/figcaption><\/figure><\/div>\n\n\n\n<p>O crime aconteceu dia 3 de mar\u00e7o, no cruzamento das ruas Riach\u00e3o e Est\u00e2ncia, no bairro Cirurgia, regi\u00e3o central da capital sergipana. A v\u00edtima chegou a ser socorrida por equipes do Servi\u00e7o de Atendimento M\u00f3vel de Urg\u00eancia (Samu), mas morreu a caminho do hospital.<\/p>\n\n\n\n<p>As investiga\u00e7\u00f5es confirmaram que desaven\u00e7as entre torcidas da capital teriam sido a motiva\u00e7\u00e3o para o crime. Depois de praticar o crime, o investigado fugiu. Com o avan\u00e7ar das investiga\u00e7\u00f5es, foi pedida a pris\u00e3o preventiva dele, autorizada pelo Poder Judici\u00e1rio.<\/p>\n\n\n\n<p>O DHPP recebeu den\u00fancia de que ele estava escondido num S\u00edtio em Porto da Folha e pediu apoio \u00e0 equipe da Ciopac, que tamb\u00e9m j\u00e1 o procurava naquela regi\u00e3o. Ele foi localizado e conduzido \u00e0 Delegacia Regional de Nossa Senhora da Gl\u00f3ria. Com ele, as equipes apreenderam uma por\u00e7\u00e3o de maconha. O autor do crime ser\u00e1 encaminhado para Aracaju, a fim de ser interrogado e posto \u00e0 disposi\u00e7\u00e3o da Justi\u00e7a.<\/p>\n\n\n\n<p><em>Quer receber as principais not\u00edcias do&nbsp;<strong>SE Not\u00edcias<\/strong>&nbsp;no seu&nbsp;<strong>WhatsApp?<\/strong>&nbsp;<strong><a href=\"https:\/\/api.whatsapp.com\/send?phone=5579991715289\">Clique aqui<\/a><\/strong>.<\/em><\/p>\n\n\n\n<p><strong><em>Acompanhe tamb\u00e9m o SE Not\u00edcias no&nbsp;<a rel=\"noreferrer noopener\" href=\"https:\/\/twitter.com\/Senoticias\" target=\"_blank\">Twitter<\/a>,&nbsp;<a rel=\"noreferrer noopener\" href=\"https:\/\/www.facebook.com\/senoticias1\" target=\"_blank\">Facebook<\/a>&nbsp;e no&nbsp;<a rel=\"noreferrer noopener\" href=\"https:\/\/www.instagram.com\/senoticias\/\" target=\"_blank\">Instagram<\/a><\/em><\/strong>.<\/p>\n\n\n\n<p>Fonte: SSP\/SE<\/p>\n","protected":false},"excerpt":{"rendered":"<p>Uma briga entre dois vizinhos, torcedores de times rivais, terminou em trag\u00e9dia, no m\u00eas de mar\u00e7o. O pedreiro Jo\u00e3o Vieira de Lima, de 59 anos, foi atropelado e esfaqueado pelo vizinho, que estava sendo investigado pelo Departamento de Homic\u00eddios e Prote\u00e7\u00e3o \u00e0 Pessoa. Na tarde desta sexta-feira, 09, o autor do homic\u00eddio foi preso em [&hellip;]<\/p>\n","protected":false},"author":6557,"featured_media":0,"comment_status":"closed","ping_status":"closed","sticky":false,"template":"","format":"standard","meta":{"footnotes":""},"categories":[15,7],"tags":[34563,9627,2621,34564,78,5879],"class_list":{"0":"post-128756","1":"post","2":"type-post","3":"status-publish","4":"format-standard","6":"category-destaques","7":"category-policia","8":"tag-briga-entre-torcidas","9":"tag-ciopac","10":"tag-dhpp","11":"tag-idoso-morto-por-causa-de-brigas","12":"tag-policia-civil","13":"tag-policia-militar-de-sergipe"},"_links":{"self":[{"href":"https:\/\/senoticias.com.br\/se\/wp-json\/wp\/v2\/posts\/128756"}],"collection":[{"href":"https:\/\/senoticias.com.br\/se\/wp-json\/wp\/v2\/posts"}],"about":[{"href":"https:\/\/senoticias.com.br\/se\/wp-json\/wp\/v2\/types\/post"}],"author":[{"embeddable":true,"href":"https:\/\/senoticias.com.br\/se\/wp-json\/wp\/v2\/users\/6557"}],"replies":[{"embeddable":true,"href":"https:\/\/senoticias.com.br\/se\/wp-json\/wp\/v2\/comments?post=128756"}],"version-history":[{"count":0,"href":"https:\/\/senoticias.com.br\/se\/wp-json\/wp\/v2\/posts\/128756\/revisions"}],"wp:attachment":[{"href":"https:\/\/senoticias.com.br\/se\/wp-json\/wp\/v2\/media?parent=128756"}],"wp:term":[{"taxonomy":"category","embeddable":true,"href":"https:\/\/senoticias.com.br\/se\/wp-json\/wp\/v2\/categories?post=128756"},{"taxonomy":"post_tag","embeddable":true,"href":"https:\/\/senoticias.com.br\/se\/wp-json\/wp\/v2\/tags?post=128756"}],"curies":[{"name":"wp","href":"https:\/\/api.w.org\/{rel}","templated":true}]}}