{"id":128741,"date":"2021-07-09T20:16:37","date_gmt":"2021-07-09T23:16:37","guid":{"rendered":"https:\/\/senoticias.com.br\/se\/?p=128741"},"modified":"2021-07-09T20:16:42","modified_gmt":"2021-07-09T23:16:42","slug":"deputado-gilmar-carvalho-insiste-governador-receba-comissao-da-policia-unida","status":"publish","type":"post","link":"https:\/\/senoticias.com.br\/se\/deputado-gilmar-carvalho-insiste-governador-receba-comissao-da-policia-unida\/","title":{"rendered":"Deputado Gilmar Carvalho insiste: &#8220;Governador receba comiss\u00e3o da `Pol\u00edcia Unida`&#8221;"},"content":{"rendered":"\n<p>O deputado Gilmar Carvalho, como n\u00e3o foi atendido no primeiro of\u00edcio encaminhado ao governador do Estado Belivaldo Chagas, fez novo apelo para que o chefe do Executivo receba a comiss\u00e3o da &#8220;Pol\u00edcia Unida&#8221;.<\/p>\n\n\n\n<figure class=\"wp-block-image size-large\"><img loading=\"lazy\" decoding=\"async\" width=\"581\" height=\"385\" src=\"https:\/\/senoticias.com.br\/se\/wp-content\/uploads\/2021\/07\/Gilmar-Carvalho-SE-Noticias.jpg\" alt=\"\" class=\"wp-image-128742\" srcset=\"https:\/\/senoticias.com.br\/se\/wp-content\/uploads\/2021\/07\/Gilmar-Carvalho-SE-Noticias.jpg 581w, https:\/\/senoticias.com.br\/se\/wp-content\/uploads\/2021\/07\/Gilmar-Carvalho-SE-Noticias-300x199.jpg 300w, https:\/\/senoticias.com.br\/se\/wp-content\/uploads\/2021\/07\/Gilmar-Carvalho-SE-Noticias-90x60.jpg 90w, https:\/\/senoticias.com.br\/se\/wp-content\/uploads\/2021\/07\/Gilmar-Carvalho-SE-Noticias-180x120.jpg 180w, https:\/\/senoticias.com.br\/se\/wp-content\/uploads\/2021\/07\/Gilmar-Carvalho-SE-Noticias-95x64.jpg 95w\" sizes=\"(max-width: 581px) 100vw, 581px\" \/><figcaption>Gilmar Carvalho insiste para que o governador receba comiss\u00e3o do Movimento Pol\u00edcia Unida &#8211; Foto: arquivo\/Alese<\/figcaption><\/figure>\n\n\n\n<p>O parlamentar explicou que o grupo quer conversar para chegar a uma solu\u00e7\u00e3o dentro das condi\u00e7\u00f5es financeiras do Estado acerca do adicional de periculosidade, pleiteado pelos membros do Movimento Pol\u00edcia Unida que \u00e9 um direto assegurado nas Constitui\u00e7\u00f5es Federal e Estadual.<\/p>\n\n\n\n<p>No of\u00edcio, Gilmar refor\u00e7a: &#8220;Eu gostaria de participar do encontro, mas se continuar sendo proibido de participar da conversa\u00e7\u00e3o, entenderei plenamente&#8221;.<\/p>\n\n\n\n<p><em>Quer receber as principais not\u00edcias do&nbsp;<strong>SE Not\u00edcias<\/strong>&nbsp;no seu&nbsp;<strong>WhatsApp?<\/strong>&nbsp;<strong><a href=\"https:\/\/api.whatsapp.com\/send?phone=5579991715289\">Clique aqui<\/a><\/strong>.<\/em><\/p>\n\n\n\n<p><strong><em>Acompanhe tamb\u00e9m o SE Not\u00edcias no&nbsp;<a rel=\"noreferrer noopener\" href=\"https:\/\/twitter.com\/Senoticias\" target=\"_blank\">Twitter<\/a>,&nbsp;<a rel=\"noreferrer noopener\" href=\"https:\/\/www.facebook.com\/senoticias1\" target=\"_blank\">Facebook<\/a>&nbsp;e no&nbsp;<a rel=\"noreferrer noopener\" href=\"https:\/\/www.instagram.com\/senoticias\/\" target=\"_blank\">Instagram<\/a><\/em><\/strong>.<\/p>\n\n\n\n<p>Por Assessoria Parlamentar<\/p>\n","protected":false},"excerpt":{"rendered":"<p>O deputado Gilmar Carvalho, como n\u00e3o foi atendido no primeiro of\u00edcio encaminhado ao governador do Estado Belivaldo Chagas, fez novo apelo para que o chefe do Executivo receba a comiss\u00e3o da &#8220;Pol\u00edcia Unida&#8221;. O parlamentar explicou que o grupo quer conversar para chegar a uma solu\u00e7\u00e3o dentro das condi\u00e7\u00f5es financeiras do Estado acerca do adicional [&hellip;]<\/p>\n","protected":false},"author":6557,"featured_media":0,"comment_status":"closed","ping_status":"closed","sticky":false,"template":"","format":"standard","meta":{"footnotes":""},"categories":[15,6],"tags":[5021,82,17020,17019],"class_list":{"0":"post-128741","1":"post","2":"type-post","3":"status-publish","4":"format-standard","6":"category-destaques","7":"category-politica","8":"tag-deputado-gilmar-carvalho","9":"tag-gilmar-carvalho","10":"tag-movimento-policia-unida","11":"tag-policia-unida"},"_links":{"self":[{"href":"https:\/\/senoticias.com.br\/se\/wp-json\/wp\/v2\/posts\/128741"}],"collection":[{"href":"https:\/\/senoticias.com.br\/se\/wp-json\/wp\/v2\/posts"}],"about":[{"href":"https:\/\/senoticias.com.br\/se\/wp-json\/wp\/v2\/types\/post"}],"author":[{"embeddable":true,"href":"https:\/\/senoticias.com.br\/se\/wp-json\/wp\/v2\/users\/6557"}],"replies":[{"embeddable":true,"href":"https:\/\/senoticias.com.br\/se\/wp-json\/wp\/v2\/comments?post=128741"}],"version-history":[{"count":0,"href":"https:\/\/senoticias.com.br\/se\/wp-json\/wp\/v2\/posts\/128741\/revisions"}],"wp:attachment":[{"href":"https:\/\/senoticias.com.br\/se\/wp-json\/wp\/v2\/media?parent=128741"}],"wp:term":[{"taxonomy":"category","embeddable":true,"href":"https:\/\/senoticias.com.br\/se\/wp-json\/wp\/v2\/categories?post=128741"},{"taxonomy":"post_tag","embeddable":true,"href":"https:\/\/senoticias.com.br\/se\/wp-json\/wp\/v2\/tags?post=128741"}],"curies":[{"name":"wp","href":"https:\/\/api.w.org\/{rel}","templated":true}]}}