{"id":128731,"date":"2021-07-09T17:58:31","date_gmt":"2021-07-09T20:58:31","guid":{"rendered":"https:\/\/senoticias.com.br\/se\/?p=128731"},"modified":"2021-07-09T17:59:41","modified_gmt":"2021-07-09T20:59:41","slug":"cnbb-rompe-o-silencio-e-cobra-apuracao-das-graves-denuncias-de-corrupcao-no-ministerio-da-saude","status":"publish","type":"post","link":"https:\/\/senoticias.com.br\/se\/cnbb-rompe-o-silencio-e-cobra-apuracao-das-graves-denuncias-de-corrupcao-no-ministerio-da-saude\/","title":{"rendered":"CNBB rompe o sil\u00eancio e cobra apura\u00e7\u00e3o das graves den\u00fancias de corrup\u00e7\u00e3o no Minist\u00e9rio da Sa\u00fade"},"content":{"rendered":"\n<p><\/p>\n\n\n\n<p>Com as graves den\u00fancias de poss\u00edveis atos de corrup\u00e7\u00e3o no Minist\u00e9rio da Sa\u00fade, na compra de vacinas, a Confer\u00eancia Nacional dos Bispos do Brasil (CNBB) <strong><a href=\"https:\/\/www.cnbb.org.br\/wp-content\/uploads\/2021\/07\/Nota-da-CNBB-diante-do-atual-momento-brasileiro.pdf\">emitiu uma nota p\u00fablica<\/a><\/strong> nesta sexta-feira (9), protestando e cobrando apura\u00e7\u00e3o rigorosa e puni\u00e7\u00e3o dos respons\u00e1veis.<\/p>\n\n\n\n<figure class=\"wp-block-image size-large\"><img loading=\"lazy\" decoding=\"async\" width=\"600\" height=\"338\" src=\"https:\/\/senoticias.com.br\/se\/wp-content\/uploads\/2021\/07\/CNBB-SE-Noticias.jpeg\" alt=\"\" class=\"wp-image-128732\" srcset=\"https:\/\/senoticias.com.br\/se\/wp-content\/uploads\/2021\/07\/CNBB-SE-Noticias.jpeg 600w, https:\/\/senoticias.com.br\/se\/wp-content\/uploads\/2021\/07\/CNBB-SE-Noticias-300x169.jpeg 300w\" sizes=\"(max-width: 600px) 100vw, 600px\" \/><figcaption>Bispos de todo o Brasil cobram apura\u00e7\u00e3o das den\u00fancias de corrup\u00e7\u00e3o na pandemia &#8211; Foto: CNBB\/arquivo<\/figcaption><\/figure>\n\n\n\n<p>\u201cA gravidade deste momento exige de todos coragem, sensatez e pronta corre\u00e7\u00e3o de rumos\u201d, afirmam os bispos cat\u00f3licas que integram a dire\u00e7\u00e3o da CNBB.<\/p>\n\n\n\n<p>No documento, a institui\u00e7\u00e3o reafirma, por meio de sua presid\u00eancia, a necessidade de \u201cdefender as vidas amea\u00e7adas, os direitos respeitados e a restaura\u00e7\u00e3o da justi\u00e7a, fazendo valer a verdade\u201d.<\/p>\n\n\n\n<p>Na avalia\u00e7\u00e3o da CNBB, a sociedade democr\u00e1tica brasileira est\u00e1 atravessando um dos per\u00edodos mais desafiadores da sua hist\u00f3ria.<\/p>\n\n\n\n<p>\u201cA tr\u00e1gica perda de mais de meio milh\u00e3o de vidas est\u00e1 agravada pelas den\u00fancias de prevarica\u00e7\u00e3o e corrup\u00e7\u00e3o no enfrentamento da pandemia da Covid-19\u201d, diz um trecho da nota.<\/p>\n\n\n\n<p>A CNBB, na nota, \u201capoia e conclama as institui\u00e7\u00f5es da Rep\u00fablica para que, sob o olhar da sociedade civil, sem se esquivar, efetivem procedimentos em favor da apura\u00e7\u00e3o, irrestrita e imparcial, de todas as den\u00fancias, com consequ\u00eancias para quem quer que seja, em vista de imediata corre\u00e7\u00e3o pol\u00edtica e social dos descompassos\u201d.<\/p>\n\n\n\n<p>\u201cAo abdicarem da \u00e9tica e da busca do bem comum, muitos agentes p\u00fablicos e privados tornaram-se protagonistas de um cen\u00e1rio desolador, no qual a corrup\u00e7\u00e3o ganha destaque\u201d, diz outro trecho da nota.<\/p>\n\n\n\n<p>O documento \u00e9 assinado pelo arcebispo de Belo Horizonte, Dom Walmor Oliveira de Azevedo, presidente da CNBB; Dom Jaime Spengler, arcebispo de Porto Alegre, 1\u00ba vice-presidente; Dom M\u00e1rio Ant\u00f4nio da Silva, bispo de Roraima, 2\u00ba vice-presidente, e Dom Joel Portella Amado, bispo auxiliar do Rio de Janeiro, secret\u00e1rio-geral da entidade m\u00e1xima da Igreja Cat\u00f3lica no Brasil.<\/p>\n\n\n\n<p><em>Quer receber as principais not\u00edcias do&nbsp;<strong>SE Not\u00edcias<\/strong>&nbsp;no seu&nbsp;<strong>WhatsApp?<\/strong>&nbsp;<strong><a href=\"https:\/\/api.whatsapp.com\/send?phone=5579991715289\">Clique aqui<\/a><\/strong>.<\/em><\/p>\n\n\n\n<p><strong><em>Acompanhe tamb\u00e9m o SE Not\u00edcias no\u00a0<a rel=\"noreferrer noopener\" href=\"https:\/\/twitter.com\/Senoticias\" target=\"_blank\">Twitter<\/a>,\u00a0<a rel=\"noreferrer noopener\" href=\"https:\/\/www.facebook.com\/senoticias1\" target=\"_blank\">Facebook<\/a>\u00a0e no\u00a0<a rel=\"noreferrer noopener\" href=\"https:\/\/www.instagram.com\/senoticias\/\" target=\"_blank\">Instagram<\/a><\/em><\/strong>.<\/p>\n\n\n\n<p>Fonte: Hora News<\/p>\n","protected":false},"excerpt":{"rendered":"<p>Com as graves den\u00fancias de poss\u00edveis atos de corrup\u00e7\u00e3o no Minist\u00e9rio da Sa\u00fade, na compra de vacinas, a Confer\u00eancia Nacional dos Bispos do Brasil (CNBB) emitiu uma nota p\u00fablica nesta sexta-feira (9), protestando e cobrando apura\u00e7\u00e3o rigorosa e puni\u00e7\u00e3o dos respons\u00e1veis. \u201cA gravidade deste momento exige de todos coragem, sensatez e pronta corre\u00e7\u00e3o de rumos\u201d, [&hellip;]<\/p>\n","protected":false},"author":6557,"featured_media":0,"comment_status":"closed","ping_status":"closed","sticky":false,"template":"","format":"standard","meta":{"footnotes":""},"categories":[15,46],"tags":[3272,687,689,14369],"class_list":{"0":"post-128731","1":"post","2":"type-post","3":"status-publish","4":"format-standard","6":"category-destaques","7":"category-religiao","8":"tag-bolsonaro","9":"tag-cnbb","10":"tag-conferencia-nacional-dos-bispos-do-brasil","11":"tag-pandemia"},"_links":{"self":[{"href":"https:\/\/senoticias.com.br\/se\/wp-json\/wp\/v2\/posts\/128731"}],"collection":[{"href":"https:\/\/senoticias.com.br\/se\/wp-json\/wp\/v2\/posts"}],"about":[{"href":"https:\/\/senoticias.com.br\/se\/wp-json\/wp\/v2\/types\/post"}],"author":[{"embeddable":true,"href":"https:\/\/senoticias.com.br\/se\/wp-json\/wp\/v2\/users\/6557"}],"replies":[{"embeddable":true,"href":"https:\/\/senoticias.com.br\/se\/wp-json\/wp\/v2\/comments?post=128731"}],"version-history":[{"count":0,"href":"https:\/\/senoticias.com.br\/se\/wp-json\/wp\/v2\/posts\/128731\/revisions"}],"wp:attachment":[{"href":"https:\/\/senoticias.com.br\/se\/wp-json\/wp\/v2\/media?parent=128731"}],"wp:term":[{"taxonomy":"category","embeddable":true,"href":"https:\/\/senoticias.com.br\/se\/wp-json\/wp\/v2\/categories?post=128731"},{"taxonomy":"post_tag","embeddable":true,"href":"https:\/\/senoticias.com.br\/se\/wp-json\/wp\/v2\/tags?post=128731"}],"curies":[{"name":"wp","href":"https:\/\/api.w.org\/{rel}","templated":true}]}}