{"id":128722,"date":"2021-07-08T18:32:16","date_gmt":"2021-07-08T21:32:16","guid":{"rendered":"https:\/\/senoticias.com.br\/se\/?p=128722"},"modified":"2021-07-08T18:36:36","modified_gmt":"2021-07-08T21:36:36","slug":"sergipe-recebe-dois-lotes-de-vacinas-contra-a-covid-19-com-mais-de-30-mil-doses","status":"publish","type":"post","link":"https:\/\/senoticias.com.br\/se\/sergipe-recebe-dois-lotes-de-vacinas-contra-a-covid-19-com-mais-de-30-mil-doses\/","title":{"rendered":"Sergipe recebe dois lotes de vacinas contra a Covid-19 com mais de 30 mil doses"},"content":{"rendered":"\n<p>Novas remessas de vacinas chegaram a Sergipe nesta quinta, 08. Foram dois lotes com 22.230 doses da Pfizer e 11.200 da Coronavac, totalizando 33.430 doses. Com isso, o Estado segue avan\u00e7ando na imuniza\u00e7\u00e3o da popula\u00e7\u00e3o sergipana.<\/p>\n\n\n\n<figure class=\"wp-block-image size-large\"><img loading=\"lazy\" decoding=\"async\" width=\"553\" height=\"391\" src=\"https:\/\/senoticias.com.br\/se\/wp-content\/uploads\/2021\/07\/Vacinas-SE-Noticias.jpeg\" alt=\"\" class=\"wp-image-128723\" srcset=\"https:\/\/senoticias.com.br\/se\/wp-content\/uploads\/2021\/07\/Vacinas-SE-Noticias.jpeg 553w, https:\/\/senoticias.com.br\/se\/wp-content\/uploads\/2021\/07\/Vacinas-SE-Noticias-300x212.jpeg 300w\" sizes=\"(max-width: 553px) 100vw, 553px\" \/><figcaption>Governo de Sergipe recebe mais vacinas<strong>\u00a0contra a Covid-19<\/strong>&#8211; Foto: SES<\/figcaption><\/figure>\n\n\n\n<p>As novas doses est\u00e3o acondicionadas na Central de Armazenamento e Distribui\u00e7\u00e3o de Imunobiol\u00f3gicos da Secretaria de Estado da Sa\u00fade (SES) e devem ser distribu\u00eddas j\u00e1 na sexta, 09, para \u00e0s regionais de sa\u00fade. Segundo a enfermeira do Programa de Imuniza\u00e7\u00e3o da SES, Ana Beatriz Lira, o lote da Coronavac ser\u00e1 dividido para primeira e segunda dose e o lote da Pzifer para primeira dose.<\/p>\n\n\n\n<p>Sergipe j\u00e1 recebeu do Minist\u00e9rio da Sa\u00fade 1.382.850 doses de vacinas. Com essas duas novas remessas, os n\u00fameros sobem para 1.4162.80 doses. Foram enviadas para os munic\u00edpios sergipanos 1.263.015 de doses. Foram aplicadas em primeira dose 858.193, em segunda dose 262.637 e em dose \u00fanica 24.622.<\/p>\n\n\n\n<p><em>Quer receber as principais not\u00edcias do&nbsp;<strong>SE Not\u00edcias<\/strong>&nbsp;no seu&nbsp;<strong>WhatsApp?<\/strong>&nbsp;<strong><a href=\"https:\/\/api.whatsapp.com\/send?phone=5579991715289\">Clique aqui<\/a><\/strong>.<\/em><\/p>\n\n\n\n<p><strong><em>Acompanhe tamb\u00e9m o SE Not\u00edcias no\u00a0<a rel=\"noreferrer noopener\" href=\"https:\/\/twitter.com\/Senoticias\" target=\"_blank\">Twitter<\/a>,\u00a0<a rel=\"noreferrer noopener\" href=\"https:\/\/www.facebook.com\/senoticias1\" target=\"_blank\">Facebook<\/a>\u00a0e no\u00a0<a rel=\"noreferrer noopener\" href=\"https:\/\/www.instagram.com\/senoticias\/\" target=\"_blank\">Instagram<\/a><\/em><\/strong>.<\/p>\n\n\n\n<p>Fonte: Ag\u00eancia Sergipe de Not\u00edcias<\/p>\n","protected":false},"excerpt":{"rendered":"<p>Novas remessas de vacinas chegaram a Sergipe nesta quinta, 08. Foram dois lotes com 22.230 doses da Pfizer e 11.200 da Coronavac, totalizando 33.430 doses. Com isso, o Estado segue avan\u00e7ando na imuniza\u00e7\u00e3o da popula\u00e7\u00e3o sergipana. As novas doses est\u00e3o acondicionadas na Central de Armazenamento e Distribui\u00e7\u00e3o de Imunobiol\u00f3gicos da Secretaria de Estado da Sa\u00fade [&hellip;]<\/p>\n","protected":false},"author":6552,"featured_media":0,"comment_status":"closed","ping_status":"closed","sticky":false,"template":"","format":"standard","meta":{"footnotes":""},"categories":[15,6,1],"tags":[14279,448,16873,14369],"class_list":{"0":"post-128722","1":"post","2":"type-post","3":"status-publish","4":"format-standard","6":"category-destaques","7":"category-politica","8":"category-sem-categoria","9":"tag-covid19","10":"tag-governo-de-sergipe","11":"tag-mais-vacinas","12":"tag-pandemia"},"_links":{"self":[{"href":"https:\/\/senoticias.com.br\/se\/wp-json\/wp\/v2\/posts\/128722"}],"collection":[{"href":"https:\/\/senoticias.com.br\/se\/wp-json\/wp\/v2\/posts"}],"about":[{"href":"https:\/\/senoticias.com.br\/se\/wp-json\/wp\/v2\/types\/post"}],"author":[{"embeddable":true,"href":"https:\/\/senoticias.com.br\/se\/wp-json\/wp\/v2\/users\/6552"}],"replies":[{"embeddable":true,"href":"https:\/\/senoticias.com.br\/se\/wp-json\/wp\/v2\/comments?post=128722"}],"version-history":[{"count":0,"href":"https:\/\/senoticias.com.br\/se\/wp-json\/wp\/v2\/posts\/128722\/revisions"}],"wp:attachment":[{"href":"https:\/\/senoticias.com.br\/se\/wp-json\/wp\/v2\/media?parent=128722"}],"wp:term":[{"taxonomy":"category","embeddable":true,"href":"https:\/\/senoticias.com.br\/se\/wp-json\/wp\/v2\/categories?post=128722"},{"taxonomy":"post_tag","embeddable":true,"href":"https:\/\/senoticias.com.br\/se\/wp-json\/wp\/v2\/tags?post=128722"}],"curies":[{"name":"wp","href":"https:\/\/api.w.org\/{rel}","templated":true}]}}