{"id":128659,"date":"2021-07-04T12:59:43","date_gmt":"2021-07-04T15:59:43","guid":{"rendered":"https:\/\/senoticias.com.br\/se\/?p=128659"},"modified":"2021-07-04T13:05:26","modified_gmt":"2021-07-04T16:05:26","slug":"policiais-sergipanos-decretam-estado-de-alerta","status":"publish","type":"post","link":"https:\/\/senoticias.com.br\/se\/policiais-sergipanos-decretam-estado-de-alerta\/","title":{"rendered":"Policiais sergipanos decretam estado de alerta"},"content":{"rendered":"\n<p><\/p>\n\n\n\n<p>A Assembleia Geral do Movimento Pol\u00edcia Unida contou com a ades\u00e3o de centenas de profissionais de seguran\u00e7a p\u00fablica de Sergipe, todos em prol da luta constitucional pelo adicional de periculosidade. Na tarde de quinta-feira, 1\u00ba, policiais civis, policiais militares e bombeiros militares votaram e deliberaram as pr\u00f3ximas a\u00e7\u00f5es do Movimento e o estado de alerta foi decretado.<\/p>\n\n\n\n<figure class=\"wp-block-image size-large is-resized\"><img loading=\"lazy\" decoding=\"async\" src=\"https:\/\/senoticias.com.br\/se\/wp-content\/uploads\/2021\/07\/3-1024x766.jpg\" alt=\"\" class=\"wp-image-128660\" width=\"512\" height=\"383\"\/><figcaption>Policiais sergipanos decretam estado de alerta pelo adicional de periculosidade &#8211; Foto: ascom\/Adepol<\/figcaption><\/figure>\n\n\n\n<p>A assembleia que tinha o objetivo de decidir conjuntamente os pr\u00f3ximos passos do movimento pelo direito ao adicional de periculosidade recebeu uma resposta maior do que esperava. \u201cA assembleia superou toda e qualquer expectativa. A categoria atendeu prontamente o chamado, o que nos comunica que os colegas est\u00e3o de fato engajados no movimento. \u00c9 gratificante ver que os policiais e bombeiros sergipanos alcan\u00e7aram essa maturidade pol\u00edtica. Se havia algum receio ou torcida da parte de quem quer que seja de o movimento fracassar, hoje n\u00e3o subsiste mais. Iremos vencer essa luta\u201d, explica o delegado Isaque Cangussu, presidente da Adepol\/SE.<\/p>\n\n\n\n<p>Os demais pontos da pauta tamb\u00e9m foram aprovados: decreta\u00e7\u00e3o de estado permanente de alerta; caminhada passiva at\u00e9 o Pal\u00e1cio dos Despachos; agendamento de homenagem aos colegas mortos e feridos em raz\u00e3o da Covid-19 e da condi\u00e7\u00e3o de policial ou bombeiro; e pr\u00f3ximos atos.<\/p>\n\n\n\n<p><strong>Estado de Alerta<\/strong><\/p>\n\n\n\n<p>O estado de alerta \u00e9 um conjunto de medidas tomadas em circunst\u00e2ncias que implicam a prontid\u00e3o dos meios de prote\u00e7\u00e3o civil e das for\u00e7as e servi\u00e7os de seguran\u00e7a. Com a aprova\u00e7\u00e3o na assembleia de hoje, os policiais civis e militares e bombeiros militares permanecem em alerta para agir na hora que for necess\u00e1rio.<\/p>\n\n\n\n<p><strong>Adicional de periculosidade<\/strong><\/p>\n\n\n\n<p>O benef\u00edcio \u00e9 um direito constitucional estipulado como forma de proteger e recompensar os funcion\u00e1rios que exercem atividades perigosas. E a atividade policial p\u00f5e em risco constante sua integridade f\u00edsica.<\/p>\n\n\n\n<p><em>Quer receber as principais not\u00edcias do&nbsp;<strong>SE Not\u00edcias<\/strong>&nbsp;no seu&nbsp;<strong>WhatsApp?<\/strong>&nbsp;<strong><a href=\"https:\/\/api.whatsapp.com\/send?phone=5579991715289\">Clique aqui<\/a><\/strong>.<\/em><\/p>\n\n\n\n<p><strong><em>Acompanhe tamb\u00e9m o SE Not\u00edcias no\u00a0<a rel=\"noreferrer noopener\" href=\"https:\/\/twitter.com\/Senoticias\" target=\"_blank\">Twitter<\/a>,\u00a0<a rel=\"noreferrer noopener\" href=\"https:\/\/www.facebook.com\/senoticias1\" target=\"_blank\">Facebook<\/a>\u00a0e no\u00a0<a rel=\"noreferrer noopener\" href=\"https:\/\/www.instagram.com\/senoticias\/\" target=\"_blank\">Instagram<\/a><\/em><\/strong>.<\/p>\n\n\n\n<p>Fonte: ascom\/Adepol<\/p>\n","protected":false},"excerpt":{"rendered":"<p>A Assembleia Geral do Movimento Pol\u00edcia Unida contou com a ades\u00e3o de centenas de profissionais de seguran\u00e7a p\u00fablica de Sergipe, todos em prol da luta constitucional pelo adicional de periculosidade. Na tarde de quinta-feira, 1\u00ba, policiais civis, policiais militares e bombeiros militares votaram e deliberaram as pr\u00f3ximas a\u00e7\u00f5es do Movimento e o estado de alerta [&hellip;]<\/p>\n","protected":false},"author":6557,"featured_media":128660,"comment_status":"closed","ping_status":"closed","sticky":false,"template":"","format":"standard","meta":{"footnotes":""},"categories":[15,7,1],"tags":[9271,34507,17019,6351,13874,34508],"class_list":{"0":"post-128659","1":"post","2":"type-post","3":"status-publish","4":"format-standard","5":"has-post-thumbnail","7":"category-destaques","8":"category-policia","9":"category-sem-categoria","10":"tag-bombeiros-militares","11":"tag-estado-de-alerta","12":"tag-policia-unida","13":"tag-policiais-militares","14":"tag-policiais-penais","15":"tag-policias-civis"},"_links":{"self":[{"href":"https:\/\/senoticias.com.br\/se\/wp-json\/wp\/v2\/posts\/128659"}],"collection":[{"href":"https:\/\/senoticias.com.br\/se\/wp-json\/wp\/v2\/posts"}],"about":[{"href":"https:\/\/senoticias.com.br\/se\/wp-json\/wp\/v2\/types\/post"}],"author":[{"embeddable":true,"href":"https:\/\/senoticias.com.br\/se\/wp-json\/wp\/v2\/users\/6557"}],"replies":[{"embeddable":true,"href":"https:\/\/senoticias.com.br\/se\/wp-json\/wp\/v2\/comments?post=128659"}],"version-history":[{"count":0,"href":"https:\/\/senoticias.com.br\/se\/wp-json\/wp\/v2\/posts\/128659\/revisions"}],"wp:featuredmedia":[{"embeddable":true,"href":"https:\/\/senoticias.com.br\/se\/wp-json\/wp\/v2\/media\/128660"}],"wp:attachment":[{"href":"https:\/\/senoticias.com.br\/se\/wp-json\/wp\/v2\/media?parent=128659"}],"wp:term":[{"taxonomy":"category","embeddable":true,"href":"https:\/\/senoticias.com.br\/se\/wp-json\/wp\/v2\/categories?post=128659"},{"taxonomy":"post_tag","embeddable":true,"href":"https:\/\/senoticias.com.br\/se\/wp-json\/wp\/v2\/tags?post=128659"}],"curies":[{"name":"wp","href":"https:\/\/api.w.org\/{rel}","templated":true}]}}