{"id":128656,"date":"2021-07-04T12:06:44","date_gmt":"2021-07-04T15:06:44","guid":{"rendered":"https:\/\/senoticias.com.br\/se\/?p=128656"},"modified":"2021-07-04T12:21:58","modified_gmt":"2021-07-04T15:21:58","slug":"em-sergipe-manifestantes-vao-as-ruas-protestar-contra-o-governo-federal","status":"publish","type":"post","link":"https:\/\/senoticias.com.br\/se\/em-sergipe-manifestantes-vao-as-ruas-protestar-contra-o-governo-federal\/","title":{"rendered":"Em Sergipe, manifestantes v\u00e3o \u00e0s ruas protestar contra o Governo Federal"},"content":{"rendered":"\n<p>Manifestantes foram \u00e0s ruas em Aracaju, na tarde s\u00e1bado, 3, para protestar contra o governo do presidente Jair Bolsonaro (sem partido) e em defesa da vacina\u00e7\u00e3o contra a Covid-19.<\/p>\n\n\n\n<p>Nem o tempo fechado, nem a chuva impediram que mais de seis mil pessoas sa\u00edssem nas ruas de Aracaju com o grito Fora Bolsonaro na garganta. O trajeto deste terceiro ato saiu da pra\u00e7a da Bandeira e foi at\u00e9 o Terminal do DIA.<\/p>\n\n\n\n<figure class=\"wp-block-image size-large\"><img loading=\"lazy\" decoding=\"async\" width=\"580\" height=\"419\" src=\"https:\/\/senoticias.com.br\/se\/wp-content\/uploads\/2021\/07\/Manifestacao-Aracaju-SE-Noticias.jpeg\" alt=\"\" class=\"wp-image-128658\" srcset=\"https:\/\/senoticias.com.br\/se\/wp-content\/uploads\/2021\/07\/Manifestacao-Aracaju-SE-Noticias.jpeg 580w, https:\/\/senoticias.com.br\/se\/wp-content\/uploads\/2021\/07\/Manifestacao-Aracaju-SE-Noticias-300x217.jpeg 300w, https:\/\/senoticias.com.br\/se\/wp-content\/uploads\/2021\/07\/Manifestacao-Aracaju-SE-Noticias-278x202.jpeg 278w, https:\/\/senoticias.com.br\/se\/wp-content\/uploads\/2021\/07\/Manifestacao-Aracaju-SE-Noticias-373x270.jpeg 373w, https:\/\/senoticias.com.br\/se\/wp-content\/uploads\/2021\/07\/Manifestacao-Aracaju-SE-Noticias-567x410.jpeg 567w, https:\/\/senoticias.com.br\/se\/wp-content\/uploads\/2021\/07\/Manifestacao-Aracaju-SE-Noticias-475x342.jpeg 475w\" sizes=\"(max-width: 580px) 100vw, 580px\" \/><figcaption>Grupos com bandeiras e placas pediram mais vacinas, reclamaram da conduta do governo federal no combate \u00e0 pandemia &#8211; Foto: Caroline Santos<\/figcaption><\/figure>\n\n\n\n<p>Mulheres, homens, jovens, idosos, da capital e do interior. Todes, todas e todos em centenas de cidades brasileiras estiveram nas ruas neste s\u00e1bado, dia 03, no terceiro ato (os primeiros nos dias 29 de maio e 19 de junho), exigindo o impeachment de Jair Bolsonaro (sem partido).<\/p>\n\n\n\n<p>O povo sergipano tamb\u00e9m esteve nas ruas pelo aux\u00edlio emergencial de R$ 600, vacina para todes, todas e todos, mais investimentos no SUS, na Educa\u00e7\u00e3o, no emprego, contra as privatiza\u00e7\u00f5es e contra a reforma administrativa.<\/p>\n\n\n\n<p>\u201cEstamos nas ruas, tomando todos os cuidados porque situa\u00e7\u00e3o da classe trabalhadora brasileira \u00e9 muito dif\u00edcil, quem ainda tem emprego vive com medo de perd\u00ea-lo, servidores p\u00fablicos e a popula\u00e7\u00e3o em geral sendo amea\u00e7ados com a reforma administrativa, voltamos a fazer parte do mapa da fome e isso n\u00e3o \u00e9 somente consequ\u00eancia da pandemia, mas sim desse governo que quer nos destruir\u201d, afirma Roberto Silva dos Santos, presidente da Central \u00danica dos Trabalhadores de Sergipe (CUT\/SE).<\/p>\n\n\n\n<p>Os mais de 520 mil mortos tamb\u00e9m foram lembrados durante o ato e tamb\u00e9m as den\u00fancias de corrup\u00e7\u00e3o envolvendo a compra das vacinas. \u201cEm um cen\u00e1rio de mais de 520 mil mortes, descobre-se que a vida dos brasileiros e brasileiras s\u00f3 vale, para o presidente e seu governo, apenas um d\u00f3lar. Temos hoje um presidente pior que o v\u00edrus, por isso Bolsonaro e seu governo t\u00eam que cair agora\u201d, afirmou a professora Ivonete Cruz, presidenta do Sindicato dos Trabalhadores da Educa\u00e7\u00e3o B\u00e1sica de Sergipe (SINTESE).<\/p>\n\n\n\n<p>O Sindicato dos Trabalhadores da Previd\u00eancia Social de Sergipe (SINDIPREV) alertou sobre os preju\u00edzos que a reforma administrativa trar\u00e1 ao povo brasileiro. \u201cQuerem convencer o povo de que a reforma administrativa \u00e9 bom para o Brasil, mas escondem que se ela passar, o servi\u00e7o p\u00fablico ir\u00e1 acabar e o povo que vai sofrer\u201d, afirma Joaquim Ant\u00f4nio, coordenador geral do SINDIPREV.<\/p>\n\n\n\n<p>Convocadas pela CUT, em conjunto com outras centrais e movimentos sociais, as manifesta\u00e7\u00f5es t\u00eam como objetivo pressionar o presidente da C\u00e2mara dos Deputados, Arthur Lira (PP-AL) para que encaminhe os pedidos que est\u00e3o na casa legislativa para retirada de Bolsonaro da Presid\u00eancia do Brasil. Na \u00faltima quarta, 30, um superpedido de impeachment foi protocolado na C\u00e2mara dos Deputados. Os esc\u00e2ndalos da compra da vacina Covaxin e a cobran\u00e7a de propina para compra da AstraZeneca, somadas \u00e0 morte de mais de 520 mil pessoas no Brasil, de uma doen\u00e7a que tem vacina desde o final do ano de 2020, s\u00e3o suficientes para o presidente da C\u00e2mara dar prosseguimento ao impeachment.<\/p>\n\n\n\n<p>A luta e resist\u00eancia do povo brasileiro contra o governo Bolsonaro foram reafirmadas pela presidenta da Federa\u00e7\u00e3o dos Trabalhadores do Servi\u00e7o P\u00fablico Municipal de Sergipe (FETAM\/SE), Itanamara Guedes. \u201cN\u00e3o podemos aceitar esse governo que nos mata. Bolsonaro e sua fam\u00edlia devem responder pelos crimes que cometeram! Estamos aqui porque nos importamos com a vida das gera\u00e7\u00f5es futuras. O povo brasileiro n\u00e3o vai descansar enquanto Bolsonaro n\u00e3o cair\u201d.<\/p>\n\n\n\n<p>A luta contra a privatiza\u00e7\u00e3o dos Correios e a reivindica\u00e7\u00e3o de vacina para a categoria tamb\u00e9m esteve nas ruas neste s\u00e1bado. O SINTEC\/SE lembrou que mais de 400 trabalhadores e trabalhadoras dos Correios perderam a vida para Covid-19 e mesmo o servi\u00e7o sendo considerado essencial a categoria n\u00e3o foi inclu\u00edda no Plano Nacional de Imuniza\u00e7\u00e3o.<\/p>\n\n\n\n<p>\u201cTodos estamos preparados e dispostos para a luta em defesa da vida, por vacina no bra\u00e7o e comida no prato e nessa luta uma coisa \u00e9 certa, enquanto Bolsonaro n\u00e3o cair, o povo brasileiro n\u00e3o sair\u00e1 das ruas\u201d, finaliza Roberto.<\/p>\n\n\n\n<p><em>Quer receber as principais not\u00edcias do&nbsp;<strong>SE Not\u00edcias<\/strong>&nbsp;no seu&nbsp;<strong>WhatsApp?<\/strong>&nbsp;<strong><a href=\"https:\/\/api.whatsapp.com\/send?phone=5579991715289\">Clique aqui<\/a><\/strong>.<\/em><\/p>\n\n\n\n<p><strong><em>Acompanhe tamb\u00e9m o SE Not\u00edcias no\u00a0<a rel=\"noreferrer noopener\" href=\"https:\/\/twitter.com\/Senoticias\" target=\"_blank\">Twitter<\/a>,\u00a0<a rel=\"noreferrer noopener\" href=\"https:\/\/www.facebook.com\/senoticias1\" target=\"_blank\">Facebook<\/a>\u00a0e no\u00a0<a rel=\"noreferrer noopener\" href=\"https:\/\/www.instagram.com\/senoticias\/\" target=\"_blank\">Instagram<\/a><\/em><\/strong>.<\/p>\n\n\n\n<p>Com informa\u00e7\u00f5es de Caroline Rejane \/ Cut Se<\/p>\n","protected":false},"excerpt":{"rendered":"<p>Manifestantes foram \u00e0s ruas em Aracaju, na tarde s\u00e1bado, 3, para protestar contra o governo do presidente Jair Bolsonaro (sem partido) e em defesa da vacina\u00e7\u00e3o contra a Covid-19. Nem o tempo fechado, nem a chuva impediram que mais de seis mil pessoas sa\u00edssem nas ruas de Aracaju com o grito Fora Bolsonaro na garganta. [&hellip;]<\/p>\n","protected":false},"author":6557,"featured_media":0,"comment_status":"closed","ping_status":"closed","sticky":false,"template":"","format":"standard","meta":{"footnotes":""},"categories":[15,6,1],"tags":[3272,14279,57,3240,34425,14369,3994],"class_list":{"0":"post-128656","1":"post","2":"type-post","3":"status-publish","4":"format-standard","6":"category-destaques","7":"category-politica","8":"category-sem-categoria","9":"tag-bolsonaro","10":"tag-covid19","11":"tag-governo-federal","12":"tag-manifestacao","13":"tag-manifestacao-aracaju","14":"tag-pandemia","15":"tag-vacinas"},"_links":{"self":[{"href":"https:\/\/senoticias.com.br\/se\/wp-json\/wp\/v2\/posts\/128656"}],"collection":[{"href":"https:\/\/senoticias.com.br\/se\/wp-json\/wp\/v2\/posts"}],"about":[{"href":"https:\/\/senoticias.com.br\/se\/wp-json\/wp\/v2\/types\/post"}],"author":[{"embeddable":true,"href":"https:\/\/senoticias.com.br\/se\/wp-json\/wp\/v2\/users\/6557"}],"replies":[{"embeddable":true,"href":"https:\/\/senoticias.com.br\/se\/wp-json\/wp\/v2\/comments?post=128656"}],"version-history":[{"count":0,"href":"https:\/\/senoticias.com.br\/se\/wp-json\/wp\/v2\/posts\/128656\/revisions"}],"wp:attachment":[{"href":"https:\/\/senoticias.com.br\/se\/wp-json\/wp\/v2\/media?parent=128656"}],"wp:term":[{"taxonomy":"category","embeddable":true,"href":"https:\/\/senoticias.com.br\/se\/wp-json\/wp\/v2\/categories?post=128656"},{"taxonomy":"post_tag","embeddable":true,"href":"https:\/\/senoticias.com.br\/se\/wp-json\/wp\/v2\/tags?post=128656"}],"curies":[{"name":"wp","href":"https:\/\/api.w.org\/{rel}","templated":true}]}}