{"id":128593,"date":"2021-06-29T12:26:59","date_gmt":"2021-06-29T15:26:59","guid":{"rendered":"https:\/\/senoticias.com.br\/se\/?p=128593"},"modified":"2021-06-29T12:58:58","modified_gmt":"2021-06-29T15:58:58","slug":"cerca-de-200-quilos-de-maconha-sao-apreendidos-e-tres-suspeitos-de-trafico-sao-presos-em-aracaju","status":"publish","type":"post","link":"https:\/\/senoticias.com.br\/se\/cerca-de-200-quilos-de-maconha-sao-apreendidos-e-tres-suspeitos-de-trafico-sao-presos-em-aracaju\/","title":{"rendered":"Cerca de 200 quilos de maconha s\u00e3o apreendidos e tr\u00eas suspeitos de tr\u00e1fico s\u00e3o presos em Aracaju"},"content":{"rendered":"\n<p>Tr\u00eas homens, de 23 e 24 anos, foram presos em flagrante e cerca de <strong>200 quilos de maconha foram apreendidos <\/strong>no final da tarde desta segunda-feira (28), em Aracaju, pelo Departamento de Narc\u00f3ticos da Pol\u00edcia Civil (Denarc).<\/p>\n\n\n\n<figure class=\"wp-block-image size-large\"><img loading=\"lazy\" decoding=\"async\" width=\"550\" height=\"412\" src=\"https:\/\/senoticias.com.br\/se\/wp-content\/uploads\/2021\/06\/Drogas-SE-noticias.jpg\" alt=\"\" class=\"wp-image-128594\" srcset=\"https:\/\/senoticias.com.br\/se\/wp-content\/uploads\/2021\/06\/Drogas-SE-noticias.jpg 550w, https:\/\/senoticias.com.br\/se\/wp-content\/uploads\/2021\/06\/Drogas-SE-noticias-300x225.jpg 300w, https:\/\/senoticias.com.br\/se\/wp-content\/uploads\/2021\/06\/Drogas-SE-noticias-45x35.jpg 45w\" sizes=\"(max-width: 550px) 100vw, 550px\" \/><figcaption>Segundo a Pol\u00edcia Civil, a droga foi encontrada em estacionamento de atacado e em duas resid\u00eancias da capital &#8211; Foto: SSP\/SE<\/figcaption><\/figure>\n\n\n\n<p>As investiga\u00e7\u00f5es da Pol\u00edcia Civil apontavam para um grupo de traficantes que vinha distribuindo a droga para diversos bairros da capital e interior do estado.<\/p>\n\n\n\n<p>Os policiais civis tinham informa\u00e7\u00f5es sobre a entrega das drogas no estacionamento de uma rede de atacados, no Bairro Jabotiana. A abordagem foi feita em um ve\u00edculo no local, e em resid\u00eancias no Bairro Aeroporto e no conjunto Orlando Dantas.<\/p>\n\n\n\n<p>Os investigadores apreenderam, inicialmente,<strong> 12 quilos de maconha<\/strong>. Depois, com base em informa\u00e7\u00f5es da investiga\u00e7\u00e3o e dos homens que foram abordados, seguiram para as duas resid\u00eancias, onde apreenderam o restante.<\/p>\n\n\n\n<p>Os tr\u00eas presos prestaram depoimento no Denarc. As investiga\u00e7\u00f5es continuam. Den\u00fancias podem ser feitas pelo<strong> 181. A liga\u00e7\u00e3o \u00e9 gratuita e o sigilo \u00e9 absoluto.<\/strong><\/p>\n\n\n\n<p><em>Quer receber as principais not\u00edcias do&nbsp;<strong>SE Not\u00edcias<\/strong>&nbsp;no seu&nbsp;<strong>WhatsApp?<\/strong>&nbsp;<strong><a href=\"https:\/\/api.whatsapp.com\/send?phone=5579991715289\">Clique aqui<\/a><\/strong>.<\/em><\/p>\n\n\n\n<p><strong><em>Acompanhe tamb\u00e9m o SE Not\u00edcias no\u00a0<a rel=\"noreferrer noopener\" href=\"https:\/\/twitter.com\/Senoticias\" target=\"_blank\">Twitter<\/a>,\u00a0<a rel=\"noreferrer noopener\" href=\"https:\/\/www.facebook.com\/senoticias1\" target=\"_blank\">Facebook<\/a>\u00a0e no\u00a0<a rel=\"noreferrer noopener\" href=\"https:\/\/www.instagram.com\/senoticias\/\" target=\"_blank\">Instagram<\/a><\/em><\/strong>.<\/p>\n\n\n\n<p>Fonte: SSP\/SE<\/p>\n","protected":false},"excerpt":{"rendered":"<p>Tr\u00eas homens, de 23 e 24 anos, foram presos em flagrante e cerca de 200 quilos de maconha foram apreendidos no final da tarde desta segunda-feira (28), em Aracaju, pelo Departamento de Narc\u00f3ticos da Pol\u00edcia Civil (Denarc). As investiga\u00e7\u00f5es da Pol\u00edcia Civil apontavam para um grupo de traficantes que vinha distribuindo a droga para diversos [&hellip;]<\/p>\n","protected":false},"author":6552,"featured_media":0,"comment_status":"closed","ping_status":"closed","sticky":false,"template":"","format":"standard","meta":{"footnotes":""},"categories":[15,7],"tags":[34488,76,34489,138],"class_list":{"0":"post-128593","1":"post","2":"type-post","3":"status-publish","4":"format-standard","6":"category-destaques","7":"category-policia","8":"tag-200-quilos-de-maconha","9":"tag-denarc","10":"tag-departamento-de-narcoticos-da-policia-civil","11":"tag-maconha-apreendida"},"_links":{"self":[{"href":"https:\/\/senoticias.com.br\/se\/wp-json\/wp\/v2\/posts\/128593"}],"collection":[{"href":"https:\/\/senoticias.com.br\/se\/wp-json\/wp\/v2\/posts"}],"about":[{"href":"https:\/\/senoticias.com.br\/se\/wp-json\/wp\/v2\/types\/post"}],"author":[{"embeddable":true,"href":"https:\/\/senoticias.com.br\/se\/wp-json\/wp\/v2\/users\/6552"}],"replies":[{"embeddable":true,"href":"https:\/\/senoticias.com.br\/se\/wp-json\/wp\/v2\/comments?post=128593"}],"version-history":[{"count":0,"href":"https:\/\/senoticias.com.br\/se\/wp-json\/wp\/v2\/posts\/128593\/revisions"}],"wp:attachment":[{"href":"https:\/\/senoticias.com.br\/se\/wp-json\/wp\/v2\/media?parent=128593"}],"wp:term":[{"taxonomy":"category","embeddable":true,"href":"https:\/\/senoticias.com.br\/se\/wp-json\/wp\/v2\/categories?post=128593"},{"taxonomy":"post_tag","embeddable":true,"href":"https:\/\/senoticias.com.br\/se\/wp-json\/wp\/v2\/tags?post=128593"}],"curies":[{"name":"wp","href":"https:\/\/api.w.org\/{rel}","templated":true}]}}