{"id":128582,"date":"2021-06-28T17:26:54","date_gmt":"2021-06-28T20:26:54","guid":{"rendered":"https:\/\/senoticias.com.br\/se\/?p=128582"},"modified":"2021-06-28T17:45:10","modified_gmt":"2021-06-28T20:45:10","slug":"confira-o-que-abre-e-fecha-no-dia-de-sao-pedro-em-aracaju","status":"publish","type":"post","link":"https:\/\/senoticias.com.br\/se\/confira-o-que-abre-e-fecha-no-dia-de-sao-pedro-em-aracaju\/","title":{"rendered":"Confira o que abre e fecha no Dia de S\u00e3o Pedro em Aracaju"},"content":{"rendered":"\n<p>Nesta ter\u00e7a-feira, 29, \u00e9 celebrado o Dia de S\u00e3o Pedro. A festa, que tamb\u00e9m \u00e9 religiosa, encerra os festejos juninos. Apesar da tradi\u00e7\u00e3o, este ano o Governo de Sergipe decretou ponto facultativo para o servi\u00e7o p\u00fablico estadual, mas permitiu o funcionamento de atividades n\u00e3o essenciais no estado. Seguindo a decis\u00e3o, Aracaju tamb\u00e9m altera o funcionamento dos \u00f3rg\u00e3os p\u00fablicos.<\/p>\n\n\n\n<figure class=\"wp-block-image size-large\"><img loading=\"lazy\" decoding=\"async\" width=\"599\" height=\"400\" src=\"https:\/\/senoticias.com.br\/se\/wp-content\/uploads\/2017\/04\/Abre-e-fecha-no-feriado-senoticias-e1492035193856.jpg\" alt=\"\" class=\"wp-image-102313\"\/><figcaption>Confira o funcionamento dos estabelecimentos comerciais e \u00f3rg\u00e3os p\u00fablicos de Aracaju no Dia de S\u00e3o Pedro &#8211; Foto: arquivo\/ Abr<\/figcaption><\/figure>\n\n\n\n<p><strong>Mercados<\/strong><\/p>\n\n\n\n<p>Somente o mercado central Maria Virg\u00ednia estar\u00e1 aberto at\u00e9 o meio dia.<\/p>\n\n\n\n<p><strong>Praias<\/strong><\/p>\n\n\n\n<p>A circula\u00e7\u00e3o de pessoas nas praias est\u00e1 permitida para esta ter\u00e7a-feira.<\/p>\n\n\n\n<p><strong>Feiras Livres<\/strong><\/p>\n\n\n\n<p>A feira livre do Batist\u00e3o (13 de Julho) ser\u00e1 realizada normalmente.<\/p>\n\n\n\n<p><strong>Parques e Orlas<\/strong><\/p>\n\n\n\n<p>Os parques Augusto Franco (Sementeira) e Ecol\u00f3gico Poxim estar\u00e3o fechados. Os servi\u00e7os de embarque de desembarque na Orla P\u00f4r do Sol &#8220;Jornalista Cleomar Brandi&#8221; ficam suspensos. Proibido o acesso \u00e0 praia do Viral, por transporte terrestre ou n\u00e1utico, assim como \u00e0s outras praias do litoral da capital.<\/p>\n\n\n\n<p><strong>Com\u00e9rcio<\/strong><\/p>\n\n\n\n<p>Tem autoriza\u00e7\u00e3o para funcionar normalmente.<\/p>\n\n\n\n<p><strong>Sa\u00fade<\/strong><\/p>\n\n\n\n<p>As quatro Unidades B\u00e1sicas de Sa\u00fade com atendimento exclusivo para os casos de s\u00edndromes gripais ou suspeitos de covid-19 funcionar\u00e3o das 8h \u00e0s 18h. S\u00e3o elas: UBS Geraldo Magela (Orlando Dantas); UBS On\u00e9simo Pinto (Jardim Centen\u00e1rio); UBS Jos\u00e9 Machado de Souza (Santos Dumont) e UBS Ministro Costa Cavalcante (In\u00e1cio Barbosa).<\/p>\n\n\n\n<p>Na Rede de Urg\u00eancia e Emerg\u00eancia (Reue), os dois hospitais municipais Fernando Franco e Nestor Piva, incluindo os cont\u00eaineres para atendimento exclusivo de s\u00edndromes gripais e suspeita de covid-19 seguem com servi\u00e7o 24h. Al\u00e9m da urg\u00eancia cl\u00ednica, a urg\u00eancia odontol\u00f3gica ofertada no Hospital Fernando Franco tamb\u00e9m funcionar\u00e1 normalmente.<\/p>\n\n\n\n<p>O atendimento dos Centros de Aten\u00e7\u00e3o Psicossocial (Caps) funcionar\u00e1 apenas o acolhimento noturno. O Centro de Especialidades M\u00e9dicas (Cemar Siqueira Campos) retorna na quarta-feira, dia 30, das 7h \u00e0s 18h.<\/p>\n\n\n\n<p><em>Quer receber as principais not\u00edcias do&nbsp;<strong>SE Not\u00edcias<\/strong>&nbsp;no seu&nbsp;<strong>WhatsApp?<\/strong>&nbsp;<strong><a href=\"https:\/\/api.whatsapp.com\/send?phone=5579991715289\">Clique aqui<\/a><\/strong>.<\/em><\/p>\n\n\n\n<p><strong><em>Acompanhe tamb\u00e9m o SE Not\u00edcias no\u00a0<a rel=\"noreferrer noopener\" href=\"https:\/\/twitter.com\/Senoticias\" target=\"_blank\">Twitter<\/a>,\u00a0<a rel=\"noreferrer noopener\" href=\"https:\/\/www.facebook.com\/senoticias1\" target=\"_blank\">Facebook<\/a>\u00a0e no\u00a0<a rel=\"noreferrer noopener\" href=\"https:\/\/www.instagram.com\/senoticias\/\" target=\"_blank\">Instagram<\/a><\/em><\/strong>.<\/p>\n\n\n\n<p>Fonte: A8SE.com<\/p>\n","protected":false},"excerpt":{"rendered":"<p>Nesta ter\u00e7a-feira, 29, \u00e9 celebrado o Dia de S\u00e3o Pedro. A festa, que tamb\u00e9m \u00e9 religiosa, encerra os festejos juninos. Apesar da tradi\u00e7\u00e3o, este ano o Governo de Sergipe decretou ponto facultativo para o servi\u00e7o p\u00fablico estadual, mas permitiu o funcionamento de atividades n\u00e3o essenciais no estado. Seguindo a decis\u00e3o, Aracaju tamb\u00e9m altera o funcionamento [&hellip;]<\/p>\n","protected":false},"author":6552,"featured_media":0,"comment_status":"closed","ping_status":"closed","sticky":false,"template":"","format":"standard","meta":{"footnotes":""},"categories":[15,6],"tags":[2821,34465],"class_list":{"0":"post-128582","1":"post","2":"type-post","3":"status-publish","4":"format-standard","6":"category-destaques","7":"category-politica","8":"tag-abre-e-fecha","9":"tag-feriado-de-sao-pedro"},"_links":{"self":[{"href":"https:\/\/senoticias.com.br\/se\/wp-json\/wp\/v2\/posts\/128582"}],"collection":[{"href":"https:\/\/senoticias.com.br\/se\/wp-json\/wp\/v2\/posts"}],"about":[{"href":"https:\/\/senoticias.com.br\/se\/wp-json\/wp\/v2\/types\/post"}],"author":[{"embeddable":true,"href":"https:\/\/senoticias.com.br\/se\/wp-json\/wp\/v2\/users\/6552"}],"replies":[{"embeddable":true,"href":"https:\/\/senoticias.com.br\/se\/wp-json\/wp\/v2\/comments?post=128582"}],"version-history":[{"count":0,"href":"https:\/\/senoticias.com.br\/se\/wp-json\/wp\/v2\/posts\/128582\/revisions"}],"wp:attachment":[{"href":"https:\/\/senoticias.com.br\/se\/wp-json\/wp\/v2\/media?parent=128582"}],"wp:term":[{"taxonomy":"category","embeddable":true,"href":"https:\/\/senoticias.com.br\/se\/wp-json\/wp\/v2\/categories?post=128582"},{"taxonomy":"post_tag","embeddable":true,"href":"https:\/\/senoticias.com.br\/se\/wp-json\/wp\/v2\/tags?post=128582"}],"curies":[{"name":"wp","href":"https:\/\/api.w.org\/{rel}","templated":true}]}}