{"id":128573,"date":"2021-06-28T14:29:28","date_gmt":"2021-06-28T17:29:28","guid":{"rendered":"https:\/\/senoticias.com.br\/se\/?p=128573"},"modified":"2021-06-28T14:32:46","modified_gmt":"2021-06-28T17:32:46","slug":"indiciada-por-morte-do-filho-mulher-e-presa-ao-se-entregar-a-policia","status":"publish","type":"post","link":"https:\/\/senoticias.com.br\/se\/indiciada-por-morte-do-filho-mulher-e-presa-ao-se-entregar-a-policia\/","title":{"rendered":"Indiciada por morte do filho, mulher \u00e9 presa ao se entregar \u00e0 pol\u00edcia"},"content":{"rendered":"\n<p>A m\u00e3e de um menino de um ano de idade, que morreu ap\u00f3s ter uma les\u00e3o cerebral, se entregou \u00e0 pol\u00edcia, ap\u00f3s a vers\u00e3o da causa da morte apresentada por ela e o pai da crian\u00e7a ser desmentida pelas investiga\u00e7\u00f5es policiais. A informa\u00e7\u00e3o foi divulgada nesta segunda-feira (28) pela Secretaria de Estado da Seguran\u00e7a P\u00fablica de Sergipe (SSP).<\/p>\n\n\n\n<figure class=\"wp-block-image size-large\"><img loading=\"lazy\" decoding=\"async\" width=\"558\" height=\"422\" src=\"https:\/\/senoticias.com.br\/se\/wp-content\/uploads\/2021\/03\/Policia-Civil-SE-Noticias.jpg\" alt=\"\" class=\"wp-image-126993\" srcset=\"https:\/\/senoticias.com.br\/se\/wp-content\/uploads\/2021\/03\/Policia-Civil-SE-Noticias.jpg 558w, https:\/\/senoticias.com.br\/se\/wp-content\/uploads\/2021\/03\/Policia-Civil-SE-Noticias-300x227.jpg 300w, https:\/\/senoticias.com.br\/se\/wp-content\/uploads\/2021\/03\/Policia-Civil-SE-Noticias-45x35.jpg 45w\" sizes=\"(max-width: 558px) 100vw, 558px\" \/><figcaption>A investiga\u00e7\u00e3o da Pol\u00edcia Civil apurou que a causa da morte n\u00e3o foi uma queda, como eles haviam alegados &#8211; Foto: arquivo\/SSP\/SE<\/figcaption><\/figure>\n\n\n\n<p>Segundo a pol\u00edcia, antes de se entregar na \u00faltima sexta-feira (25), na 1\u00aa Delegacia Metropolitana (1\u00aa DM), em Aracaju, a mulher j\u00e1 havia sido localizada, mas tinha conseguido fugir, o pai da crian\u00e7a tamb\u00e9m j\u00e1 est\u00e1 preso.<\/p>\n\n\n\n<p>De acordo com a delegada Lorena Rocha, da Delegacia de Atendimento a Grupos Vulner\u00e1veis de Itabaiana (DAGV), o procedimento investigativo apurou que a causa da morte, ocorrida no dia 18 de fevereiro, em Itabaiana, era diferente do que foi narrado pelos pais da crian\u00e7a.<\/p>\n\n\n\n<p>\u201cO lapso temporal da hospitaliza\u00e7\u00e3o n\u00e3o \u00e9 compat\u00edvel e segundo as informa\u00e7\u00f5es t\u00e9cnicas acostadas aos autos, a causa da morte da crian\u00e7a foi uma les\u00e3o cerebral, com a aus\u00eancia de qualquer fratura no cr\u00e2nio, que \u00e9 bastante compat\u00edvel com o quadro que \u00e9 mais conhecido como s\u00edndrome do beb\u00ea sacudido\u201d, explicou.<\/p>\n\n\n\n<p>A investiga\u00e7\u00e3o contou com o apoio da Divis\u00e3o de Intelig\u00eancia (Dipol), das Delegacias de Campo do Brito e Maruim, al\u00e9m do recebimento de informa\u00e7\u00f5es pelo Disque-Den\u00fancia (181).<\/p>\n\n\n\n<p><em>Quer receber as principais not\u00edcias do&nbsp;<strong>SE Not\u00edcias<\/strong>&nbsp;no seu&nbsp;<strong>WhatsApp?<\/strong>&nbsp;<strong><a href=\"https:\/\/api.whatsapp.com\/send?phone=5579991715289\">Clique aqui<\/a><\/strong>.<\/em><\/p>\n\n\n\n<p><strong><em>Acompanhe tamb\u00e9m o SE Not\u00edcias no\u00a0<a rel=\"noreferrer noopener\" href=\"https:\/\/twitter.com\/Senoticias\" target=\"_blank\">Twitter<\/a>,\u00a0<a rel=\"noreferrer noopener\" href=\"https:\/\/www.facebook.com\/senoticias1\" target=\"_blank\">Facebook<\/a>\u00a0e no\u00a0<a rel=\"noreferrer noopener\" href=\"https:\/\/www.instagram.com\/senoticias\/\" target=\"_blank\">Instagram<\/a><\/em><\/strong>.<\/p>\n\n\n\n<p>Fonte: SSP\/SE<\/p>\n","protected":false},"excerpt":{"rendered":"<p>A m\u00e3e de um menino de um ano de idade, que morreu ap\u00f3s ter uma les\u00e3o cerebral, se entregou \u00e0 pol\u00edcia, ap\u00f3s a vers\u00e3o da causa da morte apresentada por ela e o pai da crian\u00e7a ser desmentida pelas investiga\u00e7\u00f5es policiais. A informa\u00e7\u00e3o foi divulgada nesta segunda-feira (28) pela Secretaria de Estado da Seguran\u00e7a P\u00fablica [&hellip;]<\/p>\n","protected":false},"author":6552,"featured_media":0,"comment_status":"closed","ping_status":"closed","sticky":false,"template":"","format":"standard","meta":{"footnotes":""},"categories":[15,7,1],"tags":[34471,236,34470],"class_list":{"0":"post-128573","1":"post","2":"type-post","3":"status-publish","4":"format-standard","6":"category-destaques","7":"category-policia","8":"category-sem-categoria","9":"tag-indiciada-por-morte-do-filho","10":"tag-itabaiana","11":"tag-violencia-contra-a-crianca"},"_links":{"self":[{"href":"https:\/\/senoticias.com.br\/se\/wp-json\/wp\/v2\/posts\/128573"}],"collection":[{"href":"https:\/\/senoticias.com.br\/se\/wp-json\/wp\/v2\/posts"}],"about":[{"href":"https:\/\/senoticias.com.br\/se\/wp-json\/wp\/v2\/types\/post"}],"author":[{"embeddable":true,"href":"https:\/\/senoticias.com.br\/se\/wp-json\/wp\/v2\/users\/6552"}],"replies":[{"embeddable":true,"href":"https:\/\/senoticias.com.br\/se\/wp-json\/wp\/v2\/comments?post=128573"}],"version-history":[{"count":0,"href":"https:\/\/senoticias.com.br\/se\/wp-json\/wp\/v2\/posts\/128573\/revisions"}],"wp:attachment":[{"href":"https:\/\/senoticias.com.br\/se\/wp-json\/wp\/v2\/media?parent=128573"}],"wp:term":[{"taxonomy":"category","embeddable":true,"href":"https:\/\/senoticias.com.br\/se\/wp-json\/wp\/v2\/categories?post=128573"},{"taxonomy":"post_tag","embeddable":true,"href":"https:\/\/senoticias.com.br\/se\/wp-json\/wp\/v2\/tags?post=128573"}],"curies":[{"name":"wp","href":"https:\/\/api.w.org\/{rel}","templated":true}]}}