{"id":128570,"date":"2021-06-28T14:06:15","date_gmt":"2021-06-28T17:06:15","guid":{"rendered":"https:\/\/senoticias.com.br\/se\/?p=128570"},"modified":"2021-06-28T14:06:38","modified_gmt":"2021-06-28T17:06:38","slug":"radialista-francis-de-andrade-morre-aos-62-anos-de-covid-19","status":"publish","type":"post","link":"https:\/\/senoticias.com.br\/se\/radialista-francis-de-andrade-morre-aos-62-anos-de-covid-19\/","title":{"rendered":"Radialista Francis de Andrade morre aos 62 anos de Covid-19"},"content":{"rendered":"\n<p>O radialista Francis de Andrade morreu nesta segunda-feira, 28, em decorr\u00eancia de complica\u00e7\u00f5es causadas pelo novo coronav\u00edrus (Covid-19). Ele tinha 62 anos e estava internado h\u00e1 cerca de um m\u00eas em um hospital particular na capital, mas n\u00e3o resistiu \u00e0 doen\u00e7a.<\/p>\n\n\n\n<p><strong>Corpo ser\u00e1 velado na C\u00e2mara de Vereadores de Itabaiana<\/strong><br><br>O acesso \u00e0s depend\u00eancias da C\u00e2mara ser\u00e1 aberto ao p\u00fablico, mas com respeito aos protocolos sanit\u00e1rios necess\u00e1rios neste per\u00edodo de pandemia. \u00c0s 17h ocorrer\u00e1 o sepultamento, no Cemit\u00e9rio de Santo Ant\u00f4nio e Almas.<\/p>\n\n\n\n<figure class=\"wp-block-image size-large\"><img loading=\"lazy\" decoding=\"async\" width=\"451\" height=\"573\" src=\"https:\/\/senoticias.com.br\/se\/wp-content\/uploads\/2021\/06\/Francis-de-Andrade-SE-Noticias.jpeg\" alt=\"\" class=\"wp-image-128571\" srcset=\"https:\/\/senoticias.com.br\/se\/wp-content\/uploads\/2021\/06\/Francis-de-Andrade-SE-Noticias.jpeg 451w, https:\/\/senoticias.com.br\/se\/wp-content\/uploads\/2021\/06\/Francis-de-Andrade-SE-Noticias-236x300.jpeg 236w\" sizes=\"(max-width: 451px) 100vw, 451px\" \/><figcaption>Al\u00e9m de radialista, Francis tamb\u00e9m foi vereador por quatro mandatos, e presidente da C\u00e2mara entre 2001 e 2002 &#8211; Foto: arquivo\/Itnet<\/figcaption><\/figure>\n\n\n\n<p>O prefeito Adailton Sousa decretou luto oficial de tr\u00eas dias no munic\u00edpio, como forma de respeito pelo falecimento do grande comunicador.<\/p>\n\n\n\n<p>Francis, \u201ca voz da democracia\u201d foi internado no dia 28 de maio, no Hospital Primavera, em Aracaju, ap\u00f3s sentir-se mal.<\/p>\n\n\n\n<p>Ele foi diagnosticado com o coronav\u00edrus e passou exatamente um m\u00eas internado. Neste per\u00edodo, Francis foi intubado, passou v\u00e1rios dias na UTI e lutou muito pela vida, mas chegou o seu momento de se despedir e partir para a p\u00e1tria dos imortais.<\/p>\n\n\n\n<p>Atualmente ele comandava o programa Realidade, na Itabaiana FM, onde era l\u00edder de audi\u00eancia. Dono de uma voz inconfund\u00edvel e de an\u00e1lises surreais sobre qualquer assunto, Francis \u201cdava aula\u201d no r\u00e1dio e era muito querido pelo povo itabaianense e admirado pelos colegas da imprensa.<\/p>\n\n\n\n<p>Aos familiares desejamos for\u00e7a neste momento de dor, mas temos a certeza que Francis estar\u00e1 sempre presente e sempre ser\u00e1 lembrado.<\/p>\n\n\n\n<p>Descanse em paz!<\/p>\n\n\n\n<p><em>Quer receber as principais not\u00edcias do&nbsp;<strong>SE Not\u00edcias<\/strong>&nbsp;no seu&nbsp;<strong>WhatsApp?<\/strong>&nbsp;<strong><a href=\"https:\/\/api.whatsapp.com\/send?phone=5579991715289\">Clique aqui<\/a><\/strong>.<\/em><\/p>\n\n\n\n<p><strong><em>Acompanhe tamb\u00e9m o SE Not\u00edcias no\u00a0<a rel=\"noreferrer noopener\" href=\"https:\/\/twitter.com\/Senoticias\" target=\"_blank\">Twitter<\/a>,\u00a0<a rel=\"noreferrer noopener\" href=\"https:\/\/www.facebook.com\/senoticias1\" target=\"_blank\">Facebook<\/a>\u00a0e no\u00a0<a rel=\"noreferrer noopener\" href=\"https:\/\/www.instagram.com\/senoticias\/\" target=\"_blank\">Instagram<\/a><\/em><\/strong>.<\/p>\n\n\n\n<p>Com informa\u00e7\u00f5es do Itnet e Infonet<\/p>\n","protected":false},"excerpt":{"rendered":"<p>O radialista Francis de Andrade morreu nesta segunda-feira, 28, em decorr\u00eancia de complica\u00e7\u00f5es causadas pelo novo coronav\u00edrus (Covid-19). Ele tinha 62 anos e estava internado h\u00e1 cerca de um m\u00eas em um hospital particular na capital, mas n\u00e3o resistiu \u00e0 doen\u00e7a. Corpo ser\u00e1 velado na C\u00e2mara de Vereadores de Itabaiana O acesso \u00e0s depend\u00eancias da [&hellip;]<\/p>\n","protected":false},"author":6552,"featured_media":0,"comment_status":"closed","ping_status":"closed","sticky":false,"template":"","format":"standard","meta":{"footnotes":""},"categories":[15,38],"tags":[14279,34468,14369,34469,5305],"class_list":{"0":"post-128570","1":"post","2":"type-post","3":"status-publish","4":"format-standard","6":"category-destaques","7":"category-municipios","8":"tag-covid19","9":"tag-francis-de-andrade","10":"tag-pandemia","11":"tag-prefeito-adailton","12":"tag-prefeitura-de-itabaiana"},"_links":{"self":[{"href":"https:\/\/senoticias.com.br\/se\/wp-json\/wp\/v2\/posts\/128570"}],"collection":[{"href":"https:\/\/senoticias.com.br\/se\/wp-json\/wp\/v2\/posts"}],"about":[{"href":"https:\/\/senoticias.com.br\/se\/wp-json\/wp\/v2\/types\/post"}],"author":[{"embeddable":true,"href":"https:\/\/senoticias.com.br\/se\/wp-json\/wp\/v2\/users\/6552"}],"replies":[{"embeddable":true,"href":"https:\/\/senoticias.com.br\/se\/wp-json\/wp\/v2\/comments?post=128570"}],"version-history":[{"count":0,"href":"https:\/\/senoticias.com.br\/se\/wp-json\/wp\/v2\/posts\/128570\/revisions"}],"wp:attachment":[{"href":"https:\/\/senoticias.com.br\/se\/wp-json\/wp\/v2\/media?parent=128570"}],"wp:term":[{"taxonomy":"category","embeddable":true,"href":"https:\/\/senoticias.com.br\/se\/wp-json\/wp\/v2\/categories?post=128570"},{"taxonomy":"post_tag","embeddable":true,"href":"https:\/\/senoticias.com.br\/se\/wp-json\/wp\/v2\/tags?post=128570"}],"curies":[{"name":"wp","href":"https:\/\/api.w.org\/{rel}","templated":true}]}}