{"id":128369,"date":"2021-06-14T12:29:22","date_gmt":"2021-06-14T15:29:22","guid":{"rendered":"https:\/\/senoticias.com.br\/se\/?p=128369"},"modified":"2021-06-14T12:37:01","modified_gmt":"2021-06-14T15:37:01","slug":"chiquinho-ferreira-sera-o-novo-secretario-de-comunicacao-de-itabaiana","status":"publish","type":"post","link":"https:\/\/senoticias.com.br\/se\/chiquinho-ferreira-sera-o-novo-secretario-de-comunicacao-de-itabaiana\/","title":{"rendered":"Chiquinho Ferreira ser\u00e1 o novo secret\u00e1rio de comunica\u00e7\u00e3o de Itabaiana"},"content":{"rendered":"\n<p>O radialista, publicit\u00e1rio e profissional em marketing pol\u00edtico, Chiquinho Ferreira, ser\u00e1 o novo secret\u00e1rio de comunica\u00e7\u00e3o do munic\u00edpio de Itabaiana, no agreste sergipano. O convite foi feito pelo prefeito Adailton Sousa (PL), que v\u00ea Chiquinho como um profissional extremamente qualificado para ocupar o cargo.<\/p>\n\n\n\n<figure class=\"wp-block-image size-large\"><img loading=\"lazy\" decoding=\"async\" width=\"589\" height=\"441\" src=\"https:\/\/senoticias.com.br\/se\/wp-content\/uploads\/2021\/06\/Chiquinho-Ferreira-SE-Noticis.jpeg\" alt=\"\" class=\"wp-image-128370\" srcset=\"https:\/\/senoticias.com.br\/se\/wp-content\/uploads\/2021\/06\/Chiquinho-Ferreira-SE-Noticis.jpeg 589w, https:\/\/senoticias.com.br\/se\/wp-content\/uploads\/2021\/06\/Chiquinho-Ferreira-SE-Noticis-300x225.jpeg 300w, https:\/\/senoticias.com.br\/se\/wp-content\/uploads\/2021\/06\/Chiquinho-Ferreira-SE-Noticis-45x35.jpeg 45w\" sizes=\"(max-width: 589px) 100vw, 589px\" \/><figcaption>O convite foi feito pelo prefeito Adailton Sousa &#8211; Foto: ascom\/PMI<\/figcaption><\/figure>\n\n\n\n<p>&#8220;Chiquinho Ferreira \u00e9 uma das maiores refer\u00eancias em assessoria de imprensa e marketing institucional e pol\u00edtico de Sergipe. Ap\u00f3s nosso convite, ele assumir\u00e1 oficialmente o cargo na pr\u00f3xima quinta-feira, 17, \u00e0s 9h, e todos poder\u00e3o acompanhar a nomea\u00e7\u00e3o em live nas nossas redes sociais&#8221;, destaca Adailton Sousa, complementando.<\/p>\n\n\n\n<p>&#8220;Desde j\u00e1, agrade\u00e7o a Chiquinho Ferreira por aceitar mais esse desafio em sua vida profissional. Tenho certeza de que teremos muitos trabalhos qualificados e muitas realiza\u00e7\u00f5es no sentido de levar transpar\u00eancia, informa\u00e7\u00e3o e, acima de tudo, a verdade ao povo itabaianense e sergipano. Seja bem-vindo, Chiquinho!&#8221;, celebra o prefeito de Itabaiana.<\/p>\n\n\n\n<p>Para Chiquinho Ferreira assumir a Secretaria Municipal de Comunica\u00e7\u00e3o \u00e9 um novo cap\u00edtulo importante em sua trajet\u00f3ria profissional. &#8220;Atuo na comunica\u00e7\u00e3o desde a d\u00e9cada de 80 e tenho acompanhado todas as evolu\u00e7\u00f5es da \u00e1rea durante este tempo. Aceitei este convite por acreditar que posso realizar um trabalho relevante no munic\u00edpio e auxiliar a gest\u00e3o do prefeito Adailton Sousa a divulgar com efici\u00eancia os servi\u00e7os que s\u00e3o executados no munic\u00edpio&#8221;, afirma.<\/p>\n\n\n\n<p>Essa \u00e9 a segunda vez que Chiquinho Ferreira ocupar\u00e1 este cargo no munic\u00edpio e como anunciado pelo prefeito, a posse do secret\u00e1rio acontecer\u00e1 na quinta-feira, 17, \u00e0s 9h, com transmiss\u00e3o nas redes sociais da Prefeitura de Itabaiana.<\/p>\n\n\n\n<p><strong>Chiquinho Ferreira<\/strong><\/p>\n\n\n\n<p>A hist\u00f3ria de Chiquinho Ferreira na comunica\u00e7\u00e3o iniciou na d\u00e9cada de 80, como radialista, rep\u00f3rter e entrevistador. Na d\u00e9cada de 90, ele ingressou no servi\u00e7o p\u00fablico inicialmente no cargo de secret\u00e1rio de comunica\u00e7\u00e3o na prefeitura de Aracaju, na gest\u00e3o de Wellington Paix\u00e3o. Desde ent\u00e3o, Chiquinho atuou em diversos setores, tendo ocupado o cargo de secret\u00e1rio adjunto de comunica\u00e7\u00e3o, na gest\u00e3o de Jo\u00e3o Alves Filho; secret\u00e1rio de comunica\u00e7\u00e3o de Nossa Senhora do Socorro; secret\u00e1rio adjunto da Secretaria de Comunica\u00e7\u00e3o no governo Marcelo D\u00e9da e secret\u00e1rio titular no per\u00edodo da sua reelei\u00e7\u00e3o; assessor de comunica\u00e7\u00e3o na Secretaria de Estado da Sa\u00fade (tr\u00eas gest\u00f5es consecutivas) e diretor de radiodifus\u00e3o da Funda\u00e7\u00e3o de Cultura e Arte Aperip\u00ea \u2013 FUNCAP na gest\u00e3o Belivaldo Chagas; al\u00e9m de assessor do parlamentar e comunica\u00e7\u00e3o do ent\u00e3o deputado federal Ivan Paix\u00e3o, em Bras\u00edlia, e assessor parlamentar e coordenador de comunica\u00e7\u00e3o no mandato do senador Eduardo Amorim.<\/p>\n\n\n\n<p><em>Quer receber as principais not\u00edcias do&nbsp;<strong>SE Not\u00edcias<\/strong>&nbsp;no seu&nbsp;<strong>WhatsApp?<\/strong>&nbsp;<strong><a href=\"https:\/\/api.whatsapp.com\/send?phone=5579991715289\">Clique aqui<\/a><\/strong>.<\/em><\/p>\n\n\n\n<p><strong><em>Acompanhe tamb\u00e9m o SE Not\u00edcias no\u00a0<a rel=\"noreferrer noopener\" href=\"https:\/\/twitter.com\/Senoticias\" target=\"_blank\">Twitter<\/a>,\u00a0<a rel=\"noreferrer noopener\" href=\"https:\/\/www.facebook.com\/senoticias1\" target=\"_blank\">Facebook<\/a>\u00a0e no\u00a0<a rel=\"noreferrer noopener\" href=\"https:\/\/www.instagram.com\/senoticias\/\" target=\"_blank\">Instagram<\/a><\/em><\/strong>.<\/p>\n\n\n\n<p>Fonte: ascom\/PMI<\/p>\n","protected":false},"excerpt":{"rendered":"<p>O radialista, publicit\u00e1rio e profissional em marketing pol\u00edtico, Chiquinho Ferreira, ser\u00e1 o novo secret\u00e1rio de comunica\u00e7\u00e3o do munic\u00edpio de Itabaiana, no agreste sergipano. O convite foi feito pelo prefeito Adailton Sousa (PL), que v\u00ea Chiquinho como um profissional extremamente qualificado para ocupar o cargo. &#8220;Chiquinho Ferreira \u00e9 uma das maiores refer\u00eancias em assessoria de imprensa [&hellip;]<\/p>\n","protected":false},"author":6552,"featured_media":0,"comment_status":"closed","ping_status":"closed","sticky":false,"template":"","format":"standard","meta":{"footnotes":""},"categories":[15,38],"tags":[],"class_list":{"0":"post-128369","1":"post","2":"type-post","3":"status-publish","4":"format-standard","6":"category-destaques","7":"category-municipios"},"_links":{"self":[{"href":"https:\/\/senoticias.com.br\/se\/wp-json\/wp\/v2\/posts\/128369"}],"collection":[{"href":"https:\/\/senoticias.com.br\/se\/wp-json\/wp\/v2\/posts"}],"about":[{"href":"https:\/\/senoticias.com.br\/se\/wp-json\/wp\/v2\/types\/post"}],"author":[{"embeddable":true,"href":"https:\/\/senoticias.com.br\/se\/wp-json\/wp\/v2\/users\/6552"}],"replies":[{"embeddable":true,"href":"https:\/\/senoticias.com.br\/se\/wp-json\/wp\/v2\/comments?post=128369"}],"version-history":[{"count":0,"href":"https:\/\/senoticias.com.br\/se\/wp-json\/wp\/v2\/posts\/128369\/revisions"}],"wp:attachment":[{"href":"https:\/\/senoticias.com.br\/se\/wp-json\/wp\/v2\/media?parent=128369"}],"wp:term":[{"taxonomy":"category","embeddable":true,"href":"https:\/\/senoticias.com.br\/se\/wp-json\/wp\/v2\/categories?post=128369"},{"taxonomy":"post_tag","embeddable":true,"href":"https:\/\/senoticias.com.br\/se\/wp-json\/wp\/v2\/tags?post=128369"}],"curies":[{"name":"wp","href":"https:\/\/api.w.org\/{rel}","templated":true}]}}