{"id":128359,"date":"2021-06-12T15:52:05","date_gmt":"2021-06-12T18:52:05","guid":{"rendered":"https:\/\/senoticias.com.br\/se\/?p=128359"},"modified":"2021-06-12T15:52:12","modified_gmt":"2021-06-12T18:52:12","slug":"homem-e-encontrado-morto-com-pes-e-maos-amarrados-em-apartamento-no-bugio","status":"publish","type":"post","link":"https:\/\/senoticias.com.br\/se\/homem-e-encontrado-morto-com-pes-e-maos-amarrados-em-apartamento-no-bugio\/","title":{"rendered":"Homem \u00e9 encontrado morto, com p\u00e9s e m\u00e3os amarrados, em apartamento no Bugio"},"content":{"rendered":"\n<p><\/p>\n\n\n\n<p>Um homem de 62 anos, identificado como Almerindo Sim\u00f5es Bonfim, foi encontrado morto no final da tarde de sexta-feira, 11, dentro de um apartamento no Condom\u00ednio Jos\u00e9 Rollemberg Leite, no bairro Bugio, em Aracaju. A v\u00edtima estava com os p\u00e9s e m\u00e3os amarrados com fios el\u00e9tricos.<\/p>\n\n\n\n<figure class=\"wp-block-image size-large\"><img loading=\"lazy\" decoding=\"async\" width=\"599\" height=\"399\" src=\"https:\/\/senoticias.com.br\/se\/wp-content\/uploads\/2017\/12\/iml-SENOTICIAS.jpeg\" alt=\"\" class=\"wp-image-108951\" srcset=\"https:\/\/senoticias.com.br\/se\/wp-content\/uploads\/2017\/12\/iml-SENOTICIAS.jpeg 599w, https:\/\/senoticias.com.br\/se\/wp-content\/uploads\/2017\/12\/iml-SENOTICIAS-300x200.jpeg 300w, https:\/\/senoticias.com.br\/se\/wp-content\/uploads\/2017\/12\/iml-SENOTICIAS-90x60.jpeg 90w, https:\/\/senoticias.com.br\/se\/wp-content\/uploads\/2017\/12\/iml-SENOTICIAS-180x120.jpeg 180w, https:\/\/senoticias.com.br\/se\/wp-content\/uploads\/2017\/12\/iml-SENOTICIAS-95x64.jpeg 95w\" sizes=\"(max-width: 599px) 100vw, 599px\" \/><figcaption> O corpo foi levado o Instituto M\u00e9dico Legal ap\u00f3s per\u00edcia &#8211; Foto: M\u00e1rcio Garcez\/SE Not\u00edcias<\/figcaption><\/figure>\n\n\n\n<p>De acordo com informa\u00e7\u00f5es da Pol\u00edcia Militar, os vizinhos solicitam apoio porque n\u00e3o conseguiam falar com o morador e sentiram um mau cheiro do local. No condom\u00ednio, os policiais foram auxiliados pelo s\u00edndico que telefonou para um familiar da v\u00edtima em Salvador (BA) e obteve autoriza\u00e7\u00e3o para abertura do apartamento.<\/p>\n\n\n\n<p>Ainda segundo a PM, o s\u00edndico serrou o cadeado e rompeu a fechadura da porta. No interior do quarto, os policiais encontraram o corpo do homem com p\u00e9s e m\u00e3o amarrados com fios el\u00e9tricos e um travesseiro sob o rosto. Tamb\u00e9m havia objetos revirados pelo ch\u00e3o.<\/p>\n\n\n\n<p>O Instituto de Criminal\u00edstica e o Instituto M\u00e9dico Legal (IML) foram acionados. A PM informou que a v\u00edtima era bem conhecida na vizinhan\u00e7a, por\u00e9m, ningu\u00e9m soube explicar o que teria acontecido ou os poss\u00edveis motivos do crime.<\/p>\n\n\n\n<p><em>Quer receber as principais not\u00edcias do&nbsp;<strong>SE Not\u00edcias<\/strong>&nbsp;no seu&nbsp;<strong>WhatsApp?<\/strong>&nbsp;<strong><a href=\"https:\/\/api.whatsapp.com\/send?phone=5579991715289\">Clique aqui<\/a><\/strong>.<\/em><\/p>\n\n\n\n<p><strong><em>Acompanhe tamb\u00e9m o SE Not\u00edcias no\u00a0<a rel=\"noreferrer noopener\" href=\"https:\/\/twitter.com\/Senoticias\" target=\"_blank\">Twitter<\/a>,\u00a0<a rel=\"noreferrer noopener\" href=\"https:\/\/www.facebook.com\/senoticias1\" target=\"_blank\">Facebook<\/a>\u00a0e no\u00a0<a rel=\"noreferrer noopener\" href=\"https:\/\/www.instagram.com\/senoticias\/\" target=\"_blank\">Instagram<\/a><\/em><\/strong>.<\/p>\n\n\n\n<p>Mat\u00e9ria produzida pela jornalista Verlane Est\u00e1cio, para o portal Infonet <\/p>\n","protected":false},"excerpt":{"rendered":"<p>Um homem de 62 anos, identificado como Almerindo Sim\u00f5es Bonfim, foi encontrado morto no final da tarde de sexta-feira, 11, dentro de um apartamento no Condom\u00ednio Jos\u00e9 Rollemberg Leite, no bairro Bugio, em Aracaju. A v\u00edtima estava com os p\u00e9s e m\u00e3os amarrados com fios el\u00e9tricos. De acordo com informa\u00e7\u00f5es da Pol\u00edcia Militar, os vizinhos [&hellip;]<\/p>\n","protected":false},"author":6552,"featured_media":0,"comment_status":"closed","ping_status":"closed","sticky":false,"template":"","format":"standard","meta":{"footnotes":""},"categories":[15,7],"tags":[232,34390,9446],"class_list":{"0":"post-128359","1":"post","2":"type-post","3":"status-publish","4":"format-standard","6":"category-destaques","7":"category-policia","8":"tag-homem-e-encontrado-morto","9":"tag-idoso-e-encontrado-morto","10":"tag-violencia-em-aracaju"},"_links":{"self":[{"href":"https:\/\/senoticias.com.br\/se\/wp-json\/wp\/v2\/posts\/128359"}],"collection":[{"href":"https:\/\/senoticias.com.br\/se\/wp-json\/wp\/v2\/posts"}],"about":[{"href":"https:\/\/senoticias.com.br\/se\/wp-json\/wp\/v2\/types\/post"}],"author":[{"embeddable":true,"href":"https:\/\/senoticias.com.br\/se\/wp-json\/wp\/v2\/users\/6552"}],"replies":[{"embeddable":true,"href":"https:\/\/senoticias.com.br\/se\/wp-json\/wp\/v2\/comments?post=128359"}],"version-history":[{"count":0,"href":"https:\/\/senoticias.com.br\/se\/wp-json\/wp\/v2\/posts\/128359\/revisions"}],"wp:attachment":[{"href":"https:\/\/senoticias.com.br\/se\/wp-json\/wp\/v2\/media?parent=128359"}],"wp:term":[{"taxonomy":"category","embeddable":true,"href":"https:\/\/senoticias.com.br\/se\/wp-json\/wp\/v2\/categories?post=128359"},{"taxonomy":"post_tag","embeddable":true,"href":"https:\/\/senoticias.com.br\/se\/wp-json\/wp\/v2\/tags?post=128359"}],"curies":[{"name":"wp","href":"https:\/\/api.w.org\/{rel}","templated":true}]}}