{"id":128339,"date":"2021-06-09T18:45:00","date_gmt":"2021-06-09T21:45:00","guid":{"rendered":"https:\/\/senoticias.com.br\/se\/?p=128339"},"modified":"2021-06-09T18:45:11","modified_gmt":"2021-06-09T21:45:11","slug":"sergipe-entra-em-nova-etapa-de-vacinacao-contra-o-virus-influenza","status":"publish","type":"post","link":"https:\/\/senoticias.com.br\/se\/sergipe-entra-em-nova-etapa-de-vacinacao-contra-o-virus-influenza\/","title":{"rendered":"Sergipe entra em nova etapa de vacina\u00e7\u00e3o contra o v\u00edrus influenza"},"content":{"rendered":"\n<p>A Secretaria de Estado da Sa\u00fade, desde o dia 19 de abril, vem se empenhando na campanha de imuniza\u00e7\u00e3o contra a gripe Influenza. A partir desta quarta-feira, 09, come\u00e7a a terceira etapa de vacina\u00e7\u00e3o.&nbsp;<\/p>\n\n\n\n<figure class=\"wp-block-image size-large\"><img loading=\"lazy\" decoding=\"async\" width=\"589\" height=\"416\" src=\"https:\/\/senoticias.com.br\/se\/wp-content\/uploads\/2021\/06\/vacina-covid19-se-noticias.jpeg\" alt=\"\" class=\"wp-image-128340\" srcset=\"https:\/\/senoticias.com.br\/se\/wp-content\/uploads\/2021\/06\/vacina-covid19-se-noticias.jpeg 589w, https:\/\/senoticias.com.br\/se\/wp-content\/uploads\/2021\/06\/vacina-covid19-se-noticias-300x212.jpeg 300w\" sizes=\"(max-width: 589px) 100vw, 589px\" \/><figcaption>A cobertura vacinal contra a Influenza segue avan\u00e7ando e, at\u00e9 o presente momento, \u00e9 de 53% dos grupos inseridos na primeira e segunda fase da Campanha &#8211; Foto: ASN<\/figcaption><\/figure>\n\n\n\n<p>Essa nova fase ser\u00e1 destinada a pessoas com comorbidades, defici\u00eancia permanente, caminhoneiros, trabalhadores do transporte coletivo (rodovi\u00e1rio, passageiros urbanos e de longo curso), trabalhadores portu\u00e1rios, for\u00e7as de seguran\u00e7a e salvamento, for\u00e7as armadas, funcion\u00e1rios de sistema de priva\u00e7\u00e3o de liberdade, popula\u00e7\u00e3o privada de liberdade e adolescentes\/jovens que cumprem medidas socioeducativas.&nbsp;<\/p>\n\n\n\n<p>A cobertura vacinal contra a Influenza segue avan\u00e7ando e,&nbsp; at\u00e9 o presente momento, \u00e9 de 53% dos grupos inseridos na primeira e segunda fase da Campanha. Sergipe \u00e9 o segundo melhor colocado no ranking da imuniza\u00e7\u00e3o segundo os dados fornecidos pelo portal Localiza SUS, do Minist\u00e9rio da Sa\u00fade. Foram vacinados nas duas fases anteriores 78% de Gestantes, 64% de crian\u00e7as,&nbsp; 60% de pu\u00e9rperas&nbsp; 119% de ind\u00edgenas, 46 % de trabalhadores da sa\u00fade, 37% de pessoas com 60 anos ou mais e 40% de professores (as), contabilizando assim uma popula\u00e7\u00e3o de 564.366 pessoas e um n\u00famero de 297.406 doses aplicadas.&nbsp;<\/p>\n\n\n\n<p>Ana Lira, enfermeira do Programa Estadual de Imuniza\u00e7\u00e3o da Secretaria de Estado da Sa\u00fade (SES), enfatiza a import\u00e2ncia de se proteger contra a Influenza, sobretudo, em tempos de pandemia pelo coronav\u00edrus. Ela ressalta que a campanha de imuniza\u00e7\u00e3o contra a influenza \u00e9 anual, ou seja, as pessoas que se vacinaram ano passado dever\u00e3o comparecer para nova aplica\u00e7\u00e3o, pois, a finalidade deste ano \u00e9 proteger contra outra cepa de v\u00edrus, esclarece.\u00a0<\/p>\n\n\n\n<p><em>Quer receber as principais not\u00edcias do&nbsp;<strong>SE Not\u00edcias<\/strong>&nbsp;no seu&nbsp;<strong>WhatsApp?<\/strong>&nbsp;<strong><a href=\"https:\/\/api.whatsapp.com\/send?phone=5579991715289\">Clique aqui<\/a><\/strong>.<\/em><\/p>\n\n\n\n<p><strong><em>Acompanhe tamb\u00e9m o SE Not\u00edcias no\u00a0<a rel=\"noreferrer noopener\" href=\"https:\/\/twitter.com\/Senoticias\" target=\"_blank\">Twitter<\/a>,\u00a0<a rel=\"noreferrer noopener\" href=\"https:\/\/www.facebook.com\/senoticias1\" target=\"_blank\">Facebook<\/a>\u00a0e no\u00a0<a rel=\"noreferrer noopener\" href=\"https:\/\/www.instagram.com\/senoticias\/\" target=\"_blank\">Instagram<\/a><\/em><\/strong>.<\/p>\n\n\n\n<p>Fonte: Ag\u00eancia Sergipe de Not\u00edcias<\/p>\n","protected":false},"excerpt":{"rendered":"<p>A Secretaria de Estado da Sa\u00fade, desde o dia 19 de abril, vem se empenhando na campanha de imuniza\u00e7\u00e3o contra a gripe Influenza. A partir desta quarta-feira, 09, come\u00e7a a terceira etapa de vacina\u00e7\u00e3o.&nbsp; Essa nova fase ser\u00e1 destinada a pessoas com comorbidades, defici\u00eancia permanente, caminhoneiros, trabalhadores do transporte coletivo (rodovi\u00e1rio, passageiros urbanos e de [&hellip;]<\/p>\n","protected":false},"author":6552,"featured_media":0,"comment_status":"closed","ping_status":"closed","sticky":false,"template":"","format":"standard","meta":{"footnotes":""},"categories":[15,6],"tags":[448,14369,6385,554],"class_list":{"0":"post-128339","1":"post","2":"type-post","3":"status-publish","4":"format-standard","6":"category-destaques","7":"category-politica","8":"tag-governo-de-sergipe","9":"tag-pandemia","10":"tag-secretaria-de-estado-da-saude","11":"tag-vacina"},"_links":{"self":[{"href":"https:\/\/senoticias.com.br\/se\/wp-json\/wp\/v2\/posts\/128339"}],"collection":[{"href":"https:\/\/senoticias.com.br\/se\/wp-json\/wp\/v2\/posts"}],"about":[{"href":"https:\/\/senoticias.com.br\/se\/wp-json\/wp\/v2\/types\/post"}],"author":[{"embeddable":true,"href":"https:\/\/senoticias.com.br\/se\/wp-json\/wp\/v2\/users\/6552"}],"replies":[{"embeddable":true,"href":"https:\/\/senoticias.com.br\/se\/wp-json\/wp\/v2\/comments?post=128339"}],"version-history":[{"count":0,"href":"https:\/\/senoticias.com.br\/se\/wp-json\/wp\/v2\/posts\/128339\/revisions"}],"wp:attachment":[{"href":"https:\/\/senoticias.com.br\/se\/wp-json\/wp\/v2\/media?parent=128339"}],"wp:term":[{"taxonomy":"category","embeddable":true,"href":"https:\/\/senoticias.com.br\/se\/wp-json\/wp\/v2\/categories?post=128339"},{"taxonomy":"post_tag","embeddable":true,"href":"https:\/\/senoticias.com.br\/se\/wp-json\/wp\/v2\/tags?post=128339"}],"curies":[{"name":"wp","href":"https:\/\/api.w.org\/{rel}","templated":true}]}}