{"id":128293,"date":"2021-06-07T07:46:43","date_gmt":"2021-06-07T10:46:43","guid":{"rendered":"https:\/\/senoticias.com.br\/se\/?p=128293"},"modified":"2021-06-07T07:51:02","modified_gmt":"2021-06-07T10:51:02","slug":"onze-acidentes-de-transito-foram-registrados-em-aracaju-durante-operacao-corpus-christi","status":"publish","type":"post","link":"https:\/\/senoticias.com.br\/se\/onze-acidentes-de-transito-foram-registrados-em-aracaju-durante-operacao-corpus-christi\/","title":{"rendered":"Onze acidentes de tr\u00e2nsito foram registrados em Aracaju durante Opera\u00e7\u00e3o Corpus Christi"},"content":{"rendered":"\n<p>Onze acidentes de tr\u00e2nsito foram registrados entre os dias <strong>3 e 6 <\/strong>de junho, em Aracaju, pela Companhia de Policiamento de Tr\u00e2nsito, durante a Opera\u00e7\u00e3o Corpus Christi. Nove pessoas ficaram feridas e uma morreu.<\/p>\n\n\n\n<p>A v\u00edtima fatal foi <strong><a href=\"https:\/\/senoticias.com.br\/se\/128272-2\/\">um motociclista de 56 anos<\/a><\/strong>, que se envolveu em um acidente com um carro e um \u00f4nibus em frente \u00e0 Central de Abastecimento, na Avenida Gentil Tavares.<\/p>\n\n\n\n<figure class=\"wp-block-image size-large\"><img loading=\"lazy\" decoding=\"async\" width=\"589\" height=\"393\" src=\"https:\/\/senoticias.com.br\/se\/wp-content\/uploads\/2021\/06\/Acidente-de-transito-SE-Noticias.jpeg\" alt=\"\" class=\"wp-image-128294\" srcset=\"https:\/\/senoticias.com.br\/se\/wp-content\/uploads\/2021\/06\/Acidente-de-transito-SE-Noticias.jpeg 589w, https:\/\/senoticias.com.br\/se\/wp-content\/uploads\/2021\/06\/Acidente-de-transito-SE-Noticias-300x200.jpeg 300w, https:\/\/senoticias.com.br\/se\/wp-content\/uploads\/2021\/06\/Acidente-de-transito-SE-Noticias-90x60.jpeg 90w, https:\/\/senoticias.com.br\/se\/wp-content\/uploads\/2021\/06\/Acidente-de-transito-SE-Noticias-180x120.jpeg 180w, https:\/\/senoticias.com.br\/se\/wp-content\/uploads\/2021\/06\/Acidente-de-transito-SE-Noticias-95x64.jpeg 95w\" sizes=\"(max-width: 589px) 100vw, 589px\" \/><figcaption>Segundo a CPTran, nove pessoas ficaram feridas e uma morreu &#8211; Foto: divulga\u00e7\u00e3o\/CPTran<\/figcaption><\/figure>\n\n\n\n<p>A opera\u00e7\u00e3o tamb\u00e9m registrou 11 autua\u00e7\u00f5es de pessoas que estavam conduzindo seus ve\u00edculos ap\u00f3s ingerir bebida alco\u00f3lica, sendo que tr\u00eas delas se envolveram em acidentes. Duas foram levadas \u00e0 delegacia por ultrapassarem o limite de 0.34 mg\/l de \u00e1lcool expelido no ar &#8212; um caso deu 0.56 mg e o segunda 0.96 mg\/l.<\/p>\n\n\n\n<p>A Cptran pode ser acionada atrav\u00e9s do telefone 190.<\/p>\n\n\n\n<p><em>Quer receber as principais not\u00edcias do&nbsp;<strong>SE Not\u00edcias<\/strong>&nbsp;no seu&nbsp;<strong>WhatsApp?<\/strong>&nbsp;<strong><a href=\"https:\/\/api.whatsapp.com\/send?phone=5579991715289\">Clique aqui<\/a><\/strong>.<\/em><\/p>\n\n\n\n<p><strong><em>Acompanhe tamb\u00e9m o SE Not\u00edcias no\u00a0<a rel=\"noreferrer noopener\" href=\"https:\/\/twitter.com\/Senoticias\" target=\"_blank\">Twitter<\/a>,\u00a0<a rel=\"noreferrer noopener\" href=\"https:\/\/www.facebook.com\/senoticias1\" target=\"_blank\">Facebook<\/a>\u00a0e no\u00a0<a rel=\"noreferrer noopener\" href=\"https:\/\/www.instagram.com\/senoticias\/\" target=\"_blank\">Instagram<\/a><\/em><\/strong>.<\/p>\n\n\n\n<p>Com informa\u00e7\u00f5es do <strong><a href=\"https:\/\/g1.globo.com\/se\/sergipe\/noticia\/2021\/06\/07\/onze-acidentes-de-transito-foram-registrados-em-aracaju-durante-operacao-corpus-christi.ghtml\">G1<\/a><\/strong> SE<\/p>\n","protected":false},"excerpt":{"rendered":"<p>Onze acidentes de tr\u00e2nsito foram registrados entre os dias 3 e 6 de junho, em Aracaju, pela Companhia de Policiamento de Tr\u00e2nsito, durante a Opera\u00e7\u00e3o Corpus Christi. Nove pessoas ficaram feridas e uma morreu. A v\u00edtima fatal foi um motociclista de 56 anos, que se envolveu em um acidente com um carro e um \u00f4nibus [&hellip;]<\/p>\n","protected":false},"author":6552,"featured_media":0,"comment_status":"closed","ping_status":"closed","sticky":false,"template":"","format":"standard","meta":{"footnotes":""},"categories":[15,7],"tags":[8283,14609,631,34361,4156],"class_list":{"0":"post-128293","1":"post","2":"type-post","3":"status-publish","4":"format-standard","6":"category-destaques","7":"category-policia","8":"tag-acidentes-de-transito","9":"tag-companhia-de-policiamento-de-transito","10":"tag-cptran","11":"tag-major-silveira","12":"tag-operacao-corpus-christi"},"_links":{"self":[{"href":"https:\/\/senoticias.com.br\/se\/wp-json\/wp\/v2\/posts\/128293"}],"collection":[{"href":"https:\/\/senoticias.com.br\/se\/wp-json\/wp\/v2\/posts"}],"about":[{"href":"https:\/\/senoticias.com.br\/se\/wp-json\/wp\/v2\/types\/post"}],"author":[{"embeddable":true,"href":"https:\/\/senoticias.com.br\/se\/wp-json\/wp\/v2\/users\/6552"}],"replies":[{"embeddable":true,"href":"https:\/\/senoticias.com.br\/se\/wp-json\/wp\/v2\/comments?post=128293"}],"version-history":[{"count":0,"href":"https:\/\/senoticias.com.br\/se\/wp-json\/wp\/v2\/posts\/128293\/revisions"}],"wp:attachment":[{"href":"https:\/\/senoticias.com.br\/se\/wp-json\/wp\/v2\/media?parent=128293"}],"wp:term":[{"taxonomy":"category","embeddable":true,"href":"https:\/\/senoticias.com.br\/se\/wp-json\/wp\/v2\/categories?post=128293"},{"taxonomy":"post_tag","embeddable":true,"href":"https:\/\/senoticias.com.br\/se\/wp-json\/wp\/v2\/tags?post=128293"}],"curies":[{"name":"wp","href":"https:\/\/api.w.org\/{rel}","templated":true}]}}