{"id":128289,"date":"2021-06-06T11:30:05","date_gmt":"2021-06-06T14:30:05","guid":{"rendered":"https:\/\/senoticias.com.br\/se\/?p=128289"},"modified":"2021-06-06T11:34:59","modified_gmt":"2021-06-06T14:34:59","slug":"funcap-divuga-programacao-do-encontro-nordestino-de-cultura-2021","status":"publish","type":"post","link":"https:\/\/senoticias.com.br\/se\/funcap-divuga-programacao-do-encontro-nordestino-de-cultura-2021\/","title":{"rendered":"Funcap divuga programa\u00e7\u00e3o do Encontro Nordestino de Cultura 2021"},"content":{"rendered":"\n<p>A programa\u00e7\u00e3o do Encontro Nordestino de Cultura 2021 foi anunciada oficialmente na manh\u00e3 desta sexta-feira, 4, pela Funda\u00e7\u00e3o de Cultura e Arte Aperip\u00ea de Sergipe (Funcap\/SE). O evento, que ter\u00e1 in\u00edcio no dia 10, come\u00e7a com o F\u00f3rum Nacional de M\u00fasica Nordestina e vai at\u00e9 o dia 30 de junho com o Arrai\u00e1 em Fam\u00edlia.&nbsp;<\/p>\n\n\n\n<figure class=\"wp-block-image size-large\"><img loading=\"lazy\" decoding=\"async\" width=\"576\" height=\"385\" src=\"https:\/\/senoticias.com.br\/se\/wp-content\/uploads\/2021\/06\/942864d7d14d40ceeb779813da641084.jpeg\" alt=\"\" class=\"wp-image-128290\" srcset=\"https:\/\/senoticias.com.br\/se\/wp-content\/uploads\/2021\/06\/942864d7d14d40ceeb779813da641084.jpeg 576w, https:\/\/senoticias.com.br\/se\/wp-content\/uploads\/2021\/06\/942864d7d14d40ceeb779813da641084-300x201.jpeg 300w, https:\/\/senoticias.com.br\/se\/wp-content\/uploads\/2021\/06\/942864d7d14d40ceeb779813da641084-90x60.jpeg 90w, https:\/\/senoticias.com.br\/se\/wp-content\/uploads\/2021\/06\/942864d7d14d40ceeb779813da641084-180x120.jpeg 180w, https:\/\/senoticias.com.br\/se\/wp-content\/uploads\/2021\/06\/942864d7d14d40ceeb779813da641084-95x64.jpeg 95w\" sizes=\"(max-width: 576px) 100vw, 576px\" \/><figcaption>O evento, que ter\u00e1 in\u00edcio no dia 10, come\u00e7a com o F\u00f3rum Nacional de M\u00fasica Nordestina e vai at\u00e9 o dia 30 de junho com o Arrai\u00e1 em Fam\u00edlia &#8211; Foto: ascom\/Funcap<\/figcaption><\/figure>\n\n\n\n<p>O Encontro \u00e9 composto por uma programa\u00e7\u00e3o que inclui F\u00f3rum Nacional de M\u00fasica Nordestina, Especial de Santo Ant\u00f4nio, O Funcap no Interior e o Festival de Quadrilhas Juninas. Dois grandes nomes da m\u00fasica nordestina e nacional estar\u00e3o sendo homenageados: a cantora e compositora Anast\u00e1cia e o maestro Evanilson Vieira.&nbsp;<\/p>\n\n\n\n<p>O Encontro Nordestino de Cultura 2021 ter\u00e1 quatorze dias de programa\u00e7\u00e3o, em um total de 84 horas de transmiss\u00e3o pela Aperip\u00ea TV canal 6.1 e pelas r\u00e1dios Aperip\u00ea FM e AM, al\u00e9m do canal do YouTube Funcap. Fazem parte da programa\u00e7\u00e3o noventa e quatro atra\u00e7\u00f5es art\u00edsticas, sendo cinquenta e seis artistas da capital sergipana e trinta e oito artista do interior. Ao todo, mais de 500 artistas e profissionais da cadeia produtiva da m\u00fasica beneficiados diretamente, em um investimento de mais R$ 1.887.000 (um milh\u00e3o, oitocentos e oitenta e sete mil reais).<\/p>\n\n\n\n<p>O evento de lan\u00e7amento do Encontro foi anunciado pela diretora presidente da Funcap, a professora Concei\u00e7\u00e3o Vieira, e contou com as presen\u00e7as de Givaldo Ricardo, Superintendente de Comunica\u00e7\u00e3o do Governo do Estado, representando o governador Belivaldo Chagas; da Diretora do Departamento de Apoio ao Sistema Educacional (DASE), Eliane Passos Santana, representado o Secret\u00e1rio de Estado da Educa\u00e7\u00e3o, Esporte e Cultura (Seduc\/SE), Josu\u00e9 Modesto dos Passos Subrinho; do Diretor de Pol\u00edticas Culturais da Funcap, Fredson Santos Santana; do comunicador e coordenador do F\u00f3rum Nacional da M\u00fasica Nordestina, Paulo Corr\u00eaa e da presen\u00e7a de um dos homenageados pelo Encontro, o maestro Evanilson Vieira.Segundo a presidente da Funcap, a professora Concei\u00e7\u00e3o Vieira, o Encontro Nordestino de Cultura 2021 representa o compromisso do governo do estado com a cultura e as tradi\u00e7\u00f5es do povo sergipano e que, por conta das medidas de seguran\u00e7a em sa\u00fade, toda a programa\u00e7\u00e3o foi pensada para que os sergipanos possam curtir as festas juninas em fam\u00edlia, com o mesmo esp\u00edrito, alegria e disposi\u00e7\u00e3o que sempre embalaram o povo sergipano.&nbsp;<\/p>\n\n\n\n<p>Para Givaldo Ricardo, Superintendente de Comunica\u00e7\u00e3o do Governo do Estado, o Encontro \u00e9 parte dos esfor\u00e7os da Funda\u00e7\u00e3o de Cultura e Arte Aperip\u00ea, dos esfor\u00e7os do governo do estado de Sergipe, para gerar emprego e renda para os artistas e manter acesa a chama do forr\u00f3, \u201cal\u00e9m de prestar uma justa homenagem a dois grandes nomes da cultura nordestina\u201d, afirmou o superintende.&nbsp;<\/p>\n\n\n\n<p>Todos os artistas que integram o Encontram Nordestino de Cultura 2021 foram contemplados em editais promovidos pela Funcap, via recursos da Lei Aldir Blanc e suas apresenta\u00e7\u00f5es foram gravadas previamente, a maioria no Complexo Cultural Gonzag\u00e3o, seguindo todos os protocolos de seguran\u00e7a em sa\u00fade.&nbsp;<\/p>\n\n\n\n<p>Durante o lan\u00e7amento da programa\u00e7\u00e3o, houve tamb\u00e9m a apresenta\u00e7\u00e3o da Quadrilha S\u00e9culo XX e da cantora Joseane de Josa.&nbsp;<\/p>\n\n\n\n<p><strong>Sobre os homenageados<\/strong><\/p>\n\n\n\n<p>Evanilson Vieira \u00e9 um artista sergipano do munic\u00edpio de Sim\u00e3o Dias, compositor, mestre da cultura popular brasileira, maestro da Orquestra Sanf\u00f4nica de Aracaju e professor de sanfona na Escola de Artes Valdice Teles que encanta a todos com a sua hist\u00f3ria de supera\u00e7\u00e3o. Evanilson tamb\u00e9m tem registros de atua\u00e7\u00e3o na milit\u00e2ncia de movimentos sociais ligados \u00e0 causa da pessoa com defici\u00eancia. Por duas vezes foi presidente da Associa\u00e7\u00e3o dos Deficientes Visuais de Sergipe (Adevise), o primeiro presidente escolhido por elei\u00e7\u00e3o. Depois fundou e coordenou o Coral Terceira Vis\u00e3o, no qual trabalhou por 12 anos at\u00e9 a extin\u00e7\u00e3o.<\/p>\n\n\n\n<p>Lucinete Ferreira mais conhecida pelo nome art\u00edstico Anast\u00e1cia, \u00e9 uma cantora e compositora brasileira, apelidada de \u201cRainha do Forr\u00f3\u201d. Anast\u00e1cia teve interesse pela m\u00fasica aos sete anos de idade. Foi esposa do saudoso m\u00fasico Dominguinhos (1942\u20132013), que foi seu principal parceiro na carreira musical. Cantando profissionalmente h\u00e1 pelo menos 65 anos, Anast\u00e1cia j\u00e1 comp\u00f4s mais de mil can\u00e7\u00f5es gravadas por artistas com Gal Costa, Gilberto Gil, Luiz Gonzaga, entre outros. Tem uma indica\u00e7\u00e3o ao Grammy. Com seu principal parceiro musical, Dominguinhos, escreveu mais de 250 m\u00fasicas, muitas das quais se constituem em grandes sucessos da m\u00fasica popular brasileira, a exemplo da composi\u00e7\u00e3o \u201cEu S\u00f3 Quero Um Xod\u00f3\u201d.<\/p>\n\n\n\n<p><strong>Programa\u00e7\u00e3o<\/strong><\/p>\n\n\n\n<p>10.06 \u2013 F\u00f3rum Nacional da M\u00fasica Nordestina<br>19h \u2013 Evanilson Vieira \u2013 O Maestro do Forr\u00f3<br>Uma hist\u00f3ria de talento e supera\u00e7\u00e3o<\/p>\n\n\n\n<p>11.06 \u2013 Sexta-Feira<br>19h \u2013 Anast\u00e1cia \u2013 A Rainha do Forr\u00f3<br>Maior Compositora Feminina Nordestina<\/p>\n\n\n\n<p>13.06 \u2013 Especial de Santo Ant\u00f4nio<br>19h \u2013 Pil\u00e3o do Nordeste<br>20h \u2013 Valter Nogueira<\/p>\n\n\n\n<p>20.06 \u2013 Arrai\u00e1 em Fam\u00edlia<br>Palco Evanilson Vieira<br>18h \u2013 Orquestra Sinf\u00f4nica de Sergipe<br>19h- Trio Xod\u00f3 da Vila<br>20h \u2013 Seu Bin\u00e1<br>Palco Anast\u00e1cia<br>22h \u2013 Correia dos 8 Baixos<br>23h \u2013 Forr\u00f3 Brasil<\/p>\n\n\n\n<p>21.06 \u2013 Arrai\u00e1 em Fam\u00edlia<br>Palco Evanilson Vieira<br>18h \u2013 Filarm\u00f4nica Nossa Senhora da Concei\u00e7\u00e3o<br>19h- Cear\u00e1 do Acordeon<br>20h \u2013 Funcap no Interior<br>Palco Anast\u00e1cia<br>22h \u2013 Paula Sandiny<br>23h \u2013 Cassiano do Forr\u00f3<\/p>\n\n\n\n<p>22.06 \u2013 Arrai\u00e1 em Fam\u00edlia<br>Palco Evanilson Vieira<br>18h \u2013 Filarm\u00f3nica Maestro Ab\u00edlio Pereira Leite<br>18h30- P\u00e9 Quente do Forr\u00f3<br>19h30 \u2013 Fabinho Melo<br>Palco Anast\u00e1cia<br>22h \u2013 Heribas do Forr\u00f3<br>23h \u2013 Mimi do acordeon<\/p>\n\n\n\n<p>23.06 \u2013 Arrai\u00e1 em Fam\u00edlia<br>Palco Evanilson Vieira<br>18h \u2013 Quadrilha Junina S\u00e9culo XX<br>18h30 \u2013 Gladston Rosa<br>19h- Scurinho Zabumbada<br>20h \u2013 Funcap no interior em Canind\u00e9 do S\u00e3o Francisco<br>Palco Anast\u00e1cia<br>22h \u2013 Erivaldo de Carira<br>23h \u2013 Ze Tramela<\/p>\n\n\n\n<p>24.06 \u2013 Arrai\u00e1 em Fam\u00edlia<br>Palco Evanilson Vieira<br>18h \u2013 Quadrilha Junina Festa na Ro\u00e7a<br>18h30 \u2013 Grupo Vivace<br>19h- Forr\u00f3 Maturi<br>20h \u2013 Funcap no interior em Cristin\u00e1polis<br>Palco Anast\u00e1cia<br>22h \u2013 Luiza L\u00fa<br>23h \u2013 Sergival<\/p>\n\n\n\n<p>25.06 \u2013 Arrai\u00e1 em Fam\u00edlia<br>Palco Evanilson Vieira<br>18h \u2013 Quadrilha Junina Amor Caipira<br>18h30 \u2013 Trio Piau\u00ed<br>19h- Zito &amp; Zety<br>20h \u2013 Funcap no interior em Maruim<br>Palco Anast\u00e1cia<br>22h \u2013 Virg\u00ednia Gomes<br>23h \u2013 Txi Gomes e Forr\u00f3 Cuscuz com Leite<\/p>\n\n\n\n<p>26.06 \u2013 Arrai\u00e1 em Fam\u00edlia<br>Palco Evanilson Vieira<br>18h \u2013 Quadrilha Junina Amor Renascer<br>18h30 \u2013 Dialeto Nordestino<br>19h30- Klessinha<br>20h30 \u2013 Funcap no interior em Arau\u00e1 e Itabaianinha<br>Palco Anast\u00e1cia<br>22h \u2013 Bob L\u00e9lis<br>23h \u2013 Nin\u00e9ia Oliveira<\/p>\n\n\n\n<p>27.06 \u2013 Arrai\u00e1 em Fam\u00edlia<br>Palco Evanilson Vieira<br>18h \u2013 Quadrilha Xod\u00f3 da Vila<br>18h30 \u2013 Karmem do Forr\u00f3<br>19h30- Raulzinho do Acordeon<br>20h \u2013 Funcap no interior em Santa Luzia e Indiaroba<br>Palco Anast\u00e1cia<br>22h \u2013 Rebeca Melo<br>23h \u2013 Banda Rockxote<\/p>\n\n\n\n<p>28.06 \u2013 Arrai\u00e1 em Fam\u00edlia<br>Palco Evanilson Vieira<br>18h \u2013 Quadrilha Junina Xod\u00f3 Da Vila<br>18h30 \u2013 Chiquinho do Alem Mar<br>19h30- Joba Rala Coxa<br>20h \u2013 Funcap no interior em Capela<br>Palco Anast\u00e1cia<br>22h \u2013 Forr\u00f3 os Tr\u00eas Moleques<br>23h \u2013 Jeane Lins e Dede Brasil<\/p>\n\n\n\n<p>29.06 \u2013 Arrai\u00e1 em Fam\u00edlia<br>Palco Evanilson Vieira<br>18h \u2013 Quadrilha Junina Balan\u00e7o do Nordeste<br>18h30 \u2013 Jailson do Acordeon<br>19h- Paula Brasil<br>20h \u2013 Funcap no interior em Est\u00e2ncia<br>Palco Anast\u00e1cia<br>22h \u2013 Luiz Paulo<br>23h \u2013 Cintura Fina<\/p>\n\n\n\n<p>30.06 \u2013 Arrai\u00e1 em Fam\u00edlia<br>Palco Evanilson Vieira<br>18h \u2013 Festival de Quadrilha<br>18h30 \u2013 Robson Batinga<br>19h- Petr\u00facio e os Marechais do Forr\u00f3<br>20h \u2013 Funcap no interior: Show de Lucas Campelo em Est\u00e2ncia<br>Palco Anast\u00e1cia<br>22h \u2013 Wilson Segal<br>23h \u2013 Banda As Patricinhas<\/p>\n\n\n\n<p><em>Quer receber as principais not\u00edcias do&nbsp;<strong>SE Not\u00edcias<\/strong>&nbsp;no seu&nbsp;<strong>WhatsApp?<\/strong>&nbsp;<strong><a href=\"https:\/\/api.whatsapp.com\/send?phone=5579991715289\">Clique aqui<\/a><\/strong>.<\/em><\/p>\n\n\n\n<p><strong><em>Acompanhe tamb\u00e9m o SE Not\u00edcias no\u00a0<a rel=\"noreferrer noopener\" href=\"https:\/\/twitter.com\/Senoticias\" target=\"_blank\">Twitter<\/a>,\u00a0<a rel=\"noreferrer noopener\" href=\"https:\/\/www.facebook.com\/senoticias1\" target=\"_blank\">Facebook<\/a>\u00a0e no\u00a0<a rel=\"noreferrer noopener\" href=\"https:\/\/www.instagram.com\/senoticias\/\" target=\"_blank\">Instagram<\/a><\/em><\/strong>.<\/p>\n\n\n\n<p>Fonte: Funcap<\/p>\n","protected":false},"excerpt":{"rendered":"<p>A programa\u00e7\u00e3o do Encontro Nordestino de Cultura 2021 foi anunciada oficialmente na manh\u00e3 desta sexta-feira, 4, pela Funda\u00e7\u00e3o de Cultura e Arte Aperip\u00ea de Sergipe (Funcap\/SE). O evento, que ter\u00e1 in\u00edcio no dia 10, come\u00e7a com o F\u00f3rum Nacional de M\u00fasica Nordestina e vai at\u00e9 o dia 30 de junho com o Arrai\u00e1 em Fam\u00edlia.&nbsp; [&hellip;]<\/p>\n","protected":false},"author":6552,"featured_media":128290,"comment_status":"closed","ping_status":"closed","sticky":false,"template":"","format":"standard","meta":{"footnotes":""},"categories":[15,21,1],"tags":[34356,12287,12013,12162],"class_list":{"0":"post-128289","1":"post","2":"type-post","3":"status-publish","4":"format-standard","5":"has-post-thumbnail","7":"category-destaques","8":"category-entretenimento","9":"category-sem-categoria","10":"tag-encontro-nordestino-de-cultura-2021","11":"tag-forum-nacional-de-musica-nordestina","12":"tag-funcap","13":"tag-fundacao-de-cultura-e-arte-aperipe-de-sergipe"},"_links":{"self":[{"href":"https:\/\/senoticias.com.br\/se\/wp-json\/wp\/v2\/posts\/128289"}],"collection":[{"href":"https:\/\/senoticias.com.br\/se\/wp-json\/wp\/v2\/posts"}],"about":[{"href":"https:\/\/senoticias.com.br\/se\/wp-json\/wp\/v2\/types\/post"}],"author":[{"embeddable":true,"href":"https:\/\/senoticias.com.br\/se\/wp-json\/wp\/v2\/users\/6552"}],"replies":[{"embeddable":true,"href":"https:\/\/senoticias.com.br\/se\/wp-json\/wp\/v2\/comments?post=128289"}],"version-history":[{"count":0,"href":"https:\/\/senoticias.com.br\/se\/wp-json\/wp\/v2\/posts\/128289\/revisions"}],"wp:featuredmedia":[{"embeddable":true,"href":"https:\/\/senoticias.com.br\/se\/wp-json\/wp\/v2\/media\/128290"}],"wp:attachment":[{"href":"https:\/\/senoticias.com.br\/se\/wp-json\/wp\/v2\/media?parent=128289"}],"wp:term":[{"taxonomy":"category","embeddable":true,"href":"https:\/\/senoticias.com.br\/se\/wp-json\/wp\/v2\/categories?post=128289"},{"taxonomy":"post_tag","embeddable":true,"href":"https:\/\/senoticias.com.br\/se\/wp-json\/wp\/v2\/tags?post=128289"}],"curies":[{"name":"wp","href":"https:\/\/api.w.org\/{rel}","templated":true}]}}