{"id":128253,"date":"2021-06-02T13:17:09","date_gmt":"2021-06-02T16:17:09","guid":{"rendered":"https:\/\/senoticias.com.br\/se\/?p=128253"},"modified":"2021-06-02T13:17:17","modified_gmt":"2021-06-02T16:17:17","slug":"prf-inicia-operacao-corpus-christi-nas-rodovias-federais-de-sergipe","status":"publish","type":"post","link":"https:\/\/senoticias.com.br\/se\/prf-inicia-operacao-corpus-christi-nas-rodovias-federais-de-sergipe\/","title":{"rendered":"PRF inicia Opera\u00e7\u00e3o Corpus Christi nas rodovias federais de Sergipe"},"content":{"rendered":"\n<p>A Pol\u00edcia Rodovi\u00e1ria Federal (PRF) iniciou na madrugada desta quarta-feira (2) a Opera\u00e7\u00e3o Corpus Christi 2021 no estado de Sergipe e em todo o pa\u00eds. As atividades, que seguir\u00e3o at\u00e9 o domingo (6), priorizar\u00e3o as fiscaliza\u00e7\u00f5es voltadas \u00e0 seguran\u00e7a vi\u00e1ria, preven\u00e7\u00e3o e redu\u00e7\u00e3o da gravidade dos acidentes de tr\u00e2nsito e \u00e0 garantia da mobilidade nas rodovias federais.<\/p>\n\n\n\n<figure class=\"wp-block-image size-large\"><img loading=\"lazy\" decoding=\"async\" width=\"538\" height=\"243\" src=\"https:\/\/senoticias.com.br\/se\/wp-content\/uploads\/2021\/06\/PRFSE-se-noticias.jpg\" alt=\"\" class=\"wp-image-128254\" srcset=\"https:\/\/senoticias.com.br\/se\/wp-content\/uploads\/2021\/06\/PRFSE-se-noticias.jpg 538w, https:\/\/senoticias.com.br\/se\/wp-content\/uploads\/2021\/06\/PRFSE-se-noticias-300x136.jpg 300w\" sizes=\"(max-width: 538px) 100vw, 538px\" \/><figcaption>At\u00e9 o pr\u00f3ximo domingo, 6, haver\u00e1 refor\u00e7o na fiscaliza\u00e7\u00e3o, com o objetivo de garantir fluidez no tr\u00e2nsito e seguran\u00e7a vi\u00e1ria &#8211; Foto: PRF\/SE<\/figcaption><\/figure>\n\n\n\n<p>Anualmente, o feriado religioso de Corpus Christi \u00e9 marcado pelo aumento da circula\u00e7\u00e3o de ve\u00edculos e usu\u00e1rios pelas rodovias federais. Mesmo em um momento caracterizado pelas restri\u00e7\u00f5es e medidas preventivas durante a pandemia, a PRF est\u00e1 preparada para um acr\u00e9scimo no fluxo de ve\u00edculos e, com isso, os policiais refor\u00e7ar\u00e3o trechos estrat\u00e9gicos nos mais de quatrocentos e quarenta quil\u00f4metros que cortam o estado de Sergipe.<\/p>\n\n\n\n<p>Ser\u00e1 dada aten\u00e7\u00e3o especial \u00e0s a\u00e7\u00f5es de fiscaliza\u00e7\u00e3o de ultrapassagens em trechos de pista simples, \u00e0 realiza\u00e7\u00e3o de exames de etil\u00f4metro e \u00e0 verifica\u00e7\u00e3o do uso do cinto de seguran\u00e7a, do capacete e dos dispositivos de reten\u00e7\u00e3o para crian\u00e7as. A PRF tamb\u00e9m intensificar\u00e1 sua atua\u00e7\u00e3o no combate ao crime, com a finalidade de prender criminosos, recuperar ve\u00edculos roubados e retirar armas ilegais, drogas e demais produtos il\u00edcitos de circula\u00e7\u00e3o.<\/p>\n\n\n\n<p>De acordo com a Portaria n\u00ba 196, de 11 de dezembro de 2020, n\u00e3o haver\u00e1 restri\u00e7\u00e3o de tr\u00e1fego no per\u00edodo da opera\u00e7\u00e3o, ao contr\u00e1rio do que vinha ocorrendo em opera\u00e7\u00f5es anteriores. Desse modo, ve\u00edculos com dimens\u00f5es excedentes poder\u00e3o circular sem qualquer impedimento pr\u00e9vio entre os dias 2 e 6 de junho.<\/p>\n\n\n\n<p><em>Quer receber as principais not\u00edcias do&nbsp;<strong>SE Not\u00edcias<\/strong>&nbsp;no seu&nbsp;<strong>WhatsApp?<\/strong>&nbsp;<strong><a href=\"https:\/\/api.whatsapp.com\/send?phone=5579991715289\">Clique aqui<\/a><\/strong>.<\/em><\/p>\n\n\n\n<p><strong><em>Acompanhe tamb\u00e9m o SE Not\u00edcias no\u00a0<a rel=\"noreferrer noopener\" href=\"https:\/\/twitter.com\/Senoticias\" target=\"_blank\">Twitter<\/a>,\u00a0<a rel=\"noreferrer noopener\" href=\"https:\/\/www.facebook.com\/senoticias1\" target=\"_blank\">Facebook<\/a>\u00a0e no\u00a0<a rel=\"noreferrer noopener\" href=\"https:\/\/www.instagram.com\/senoticias\/\" target=\"_blank\">Instagram<\/a><\/em><\/strong>.<\/p>\n\n\n\n<p>Fonte: ascom\/PRF<\/p>\n","protected":false},"excerpt":{"rendered":"<p>A Pol\u00edcia Rodovi\u00e1ria Federal (PRF) iniciou na madrugada desta quarta-feira (2) a Opera\u00e7\u00e3o Corpus Christi 2021 no estado de Sergipe e em todo o pa\u00eds. As atividades, que seguir\u00e3o at\u00e9 o domingo (6), priorizar\u00e3o as fiscaliza\u00e7\u00f5es voltadas \u00e0 seguran\u00e7a vi\u00e1ria, preven\u00e7\u00e3o e redu\u00e7\u00e3o da gravidade dos acidentes de tr\u00e2nsito e \u00e0 garantia da mobilidade nas [&hellip;]<\/p>\n","protected":false},"author":6552,"featured_media":0,"comment_status":"closed","ping_status":"closed","sticky":false,"template":"","format":"standard","meta":{"footnotes":""},"categories":[15,7],"tags":[4156,4155,3100],"class_list":{"0":"post-128253","1":"post","2":"type-post","3":"status-publish","4":"format-standard","6":"category-destaques","7":"category-policia","8":"tag-operacao-corpus-christi","9":"tag-policia-rodoviaria-federal","10":"tag-rodovias-federais-de-sergipe"},"_links":{"self":[{"href":"https:\/\/senoticias.com.br\/se\/wp-json\/wp\/v2\/posts\/128253"}],"collection":[{"href":"https:\/\/senoticias.com.br\/se\/wp-json\/wp\/v2\/posts"}],"about":[{"href":"https:\/\/senoticias.com.br\/se\/wp-json\/wp\/v2\/types\/post"}],"author":[{"embeddable":true,"href":"https:\/\/senoticias.com.br\/se\/wp-json\/wp\/v2\/users\/6552"}],"replies":[{"embeddable":true,"href":"https:\/\/senoticias.com.br\/se\/wp-json\/wp\/v2\/comments?post=128253"}],"version-history":[{"count":0,"href":"https:\/\/senoticias.com.br\/se\/wp-json\/wp\/v2\/posts\/128253\/revisions"}],"wp:attachment":[{"href":"https:\/\/senoticias.com.br\/se\/wp-json\/wp\/v2\/media?parent=128253"}],"wp:term":[{"taxonomy":"category","embeddable":true,"href":"https:\/\/senoticias.com.br\/se\/wp-json\/wp\/v2\/categories?post=128253"},{"taxonomy":"post_tag","embeddable":true,"href":"https:\/\/senoticias.com.br\/se\/wp-json\/wp\/v2\/tags?post=128253"}],"curies":[{"name":"wp","href":"https:\/\/api.w.org\/{rel}","templated":true}]}}