{"id":128224,"date":"2021-05-31T14:35:55","date_gmt":"2021-05-31T17:35:55","guid":{"rendered":"https:\/\/senoticias.com.br\/se\/?p=128224"},"modified":"2021-05-31T14:36:02","modified_gmt":"2021-05-31T17:36:02","slug":"governo-do-estado-convoca-370-aprovados-no-concurso-da-policia-militar-confira-o-cronograma-completo-da-convocacao","status":"publish","type":"post","link":"https:\/\/senoticias.com.br\/se\/governo-do-estado-convoca-370-aprovados-no-concurso-da-policia-militar-confira-o-cronograma-completo-da-convocacao\/","title":{"rendered":"Governo do Estado convoca 370 aprovados no concurso da Pol\u00edcia Militar; confira o cronograma completo da convoca\u00e7\u00e3o"},"content":{"rendered":"\n<p>O Governo do Estado convocou na \u00faltima sexta-feira (28), 370 candidatos aprovados no concurso p\u00fablico da Pol\u00edcia Militar do Estado de Sergipe. &nbsp;Foram convocados 30 candidatos habilitados no Concurso P\u00fablico n\u00ba 05\/2018 para provimento de vagas de Oficial PM (Combatente) e 340 candidatos habilitados no Concurso P\u00fablico n\u00ba 04\/2018 para provimento de vagas de Soldado PM \u2013 3\u00aa Classe (Combatente).&nbsp;<\/p>\n\n\n\n<figure class=\"wp-block-image size-large\"><img loading=\"lazy\" decoding=\"async\" width=\"560\" height=\"374\" src=\"https:\/\/senoticias.com.br\/se\/wp-content\/uploads\/2021\/05\/Covocados-do-concurso-da-Policia-Militar-SE-Noticias.jpg\" alt=\"\" class=\"wp-image-128225\" srcset=\"https:\/\/senoticias.com.br\/se\/wp-content\/uploads\/2021\/05\/Covocados-do-concurso-da-Policia-Militar-SE-Noticias.jpg 560w, https:\/\/senoticias.com.br\/se\/wp-content\/uploads\/2021\/05\/Covocados-do-concurso-da-Policia-Militar-SE-Noticias-300x200.jpg 300w, https:\/\/senoticias.com.br\/se\/wp-content\/uploads\/2021\/05\/Covocados-do-concurso-da-Policia-Militar-SE-Noticias-90x60.jpg 90w, https:\/\/senoticias.com.br\/se\/wp-content\/uploads\/2021\/05\/Covocados-do-concurso-da-Policia-Militar-SE-Noticias-180x120.jpg 180w, https:\/\/senoticias.com.br\/se\/wp-content\/uploads\/2021\/05\/Covocados-do-concurso-da-Policia-Militar-SE-Noticias-95x64.jpg 95w\" sizes=\"(max-width: 560px) 100vw, 560px\" \/><figcaption> Foram convocados os candidatos excedentes dos concursos p\u00fablicos para provimento de 30 vagas de oficial combatente e 340 de soldado combatente &#8211;  Foto: PM\/SE<\/figcaption><\/figure>\n\n\n\n<p><a href=\"https:\/\/pm.se.gov.br\/wp-content\/uploads\/2021\/05\/1a-CONVOCACAO-CFO-2021-30-NOMES.pdf\">Clique aqui&nbsp;<\/a>e confira o cronograma completo da Convoca\u00e7\u00e3o, com a lista dos documentos e exames solicitados e a rela\u00e7\u00e3o dos candidatos habilitados ao CFO 2021.<br><a href=\"https:\/\/pm.se.gov.br\/wp-content\/uploads\/2021\/05\/1a-CONVOCACAO-CFSD-2021-340-NOMES.pdf\">Clique aqui&nbsp;<\/a>e confira o cronograma completo da Convoca\u00e7\u00e3o, com a lista dos documentos e exames solicitados e a rela\u00e7\u00e3o dos candidatos habilitados ao CFSd 2021.<\/p>\n\n\n\n<p><strong>Autoriza\u00e7\u00e3o&nbsp;<\/strong><\/p>\n\n\n\n<p>Na \u00faltima ter\u00e7a-feira (25), governador Belivaldo Chagas anunciou a autoriza\u00e7\u00e3o para convoca\u00e7\u00e3o de 555 novas convoca\u00e7\u00f5es dos aprovados dos concursos que est\u00e3o em vigor das pol\u00edcias Militar, Civil, Penal, do Corpo de Bombeiros e do concurso para gestores p\u00fablicos. S\u00e3o 370 convoca\u00e7\u00f5es somente para a Pol\u00edcia Militar, sendo 340 para a fun\u00e7\u00e3o de soldado combatente e 30 oficiais. J\u00e1 para o cargo de Guarda de Seguran\u00e7a do Sistema Prisional (Pol\u00edcia Penal), ser\u00e3o 150 convoca\u00e7\u00f5es, al\u00e9m de 13 novos delegados.&nbsp;<\/p>\n\n\n\n<p>De acordo o governador, todos os convocados servir\u00e3o para compor o quadro do funcionalismo p\u00fablico estadual e melhorar ainda mais o servi\u00e7o, especialmente na \u00e1rea da Seguran\u00e7a do nosso estado que j\u00e1 apresenta \u00f3timos resultados. Segundo Belivaldo, a ideia \u00e9 convocar, dentro do prazo de validade do concurso, todo o restante de aprovados. O governo do Estado segue realizando a convoca\u00e7\u00e3o por etapas, de acordo com o andamento de cada curso de forma\u00e7\u00e3o.<\/p>\n\n\n\n<p><em>Quer receber as principais not\u00edcias do&nbsp;<strong>SE Not\u00edcias<\/strong>&nbsp;no seu&nbsp;<strong>WhatsApp?<\/strong>&nbsp;<strong><a href=\"https:\/\/api.whatsapp.com\/send?phone=5579991715289\">Clique aqui<\/a><\/strong>.<\/em><\/p>\n\n\n\n<p><strong><em>Acompanhe tamb\u00e9m o SE Not\u00edcias no\u00a0<a rel=\"noreferrer noopener\" href=\"https:\/\/twitter.com\/Senoticias\" target=\"_blank\">Twitter<\/a>,\u00a0<a rel=\"noreferrer noopener\" href=\"https:\/\/www.facebook.com\/senoticias1\" target=\"_blank\">Facebook<\/a>\u00a0e no\u00a0<a rel=\"noreferrer noopener\" href=\"https:\/\/www.instagram.com\/senoticias\/\" target=\"_blank\">Instagram<\/a><\/em><\/strong>.<\/p>\n\n\n\n<p>Fonte: Ag\u00eancia Sergipe de not\u00edcias<\/p>\n","protected":false},"excerpt":{"rendered":"<p>O Governo do Estado convocou na \u00faltima sexta-feira (28), 370 candidatos aprovados no concurso p\u00fablico da Pol\u00edcia Militar do Estado de Sergipe. &nbsp;Foram convocados 30 candidatos habilitados no Concurso P\u00fablico n\u00ba 05\/2018 para provimento de vagas de Oficial PM (Combatente) e 340 candidatos habilitados no Concurso P\u00fablico n\u00ba 04\/2018 para provimento de vagas de Soldado [&hellip;]<\/p>\n","protected":false},"author":6552,"featured_media":0,"comment_status":"closed","ping_status":"closed","sticky":false,"template":"","format":"standard","meta":{"footnotes":""},"categories":[15,7],"tags":[34324,10450,448],"class_list":{"0":"post-128224","1":"post","2":"type-post","3":"status-publish","4":"format-standard","6":"category-destaques","7":"category-policia","8":"tag-370-aprovados-no-concurso-da-policia-militar","9":"tag-concurso-da-policia-militar","10":"tag-governo-de-sergipe"},"_links":{"self":[{"href":"https:\/\/senoticias.com.br\/se\/wp-json\/wp\/v2\/posts\/128224"}],"collection":[{"href":"https:\/\/senoticias.com.br\/se\/wp-json\/wp\/v2\/posts"}],"about":[{"href":"https:\/\/senoticias.com.br\/se\/wp-json\/wp\/v2\/types\/post"}],"author":[{"embeddable":true,"href":"https:\/\/senoticias.com.br\/se\/wp-json\/wp\/v2\/users\/6552"}],"replies":[{"embeddable":true,"href":"https:\/\/senoticias.com.br\/se\/wp-json\/wp\/v2\/comments?post=128224"}],"version-history":[{"count":0,"href":"https:\/\/senoticias.com.br\/se\/wp-json\/wp\/v2\/posts\/128224\/revisions"}],"wp:attachment":[{"href":"https:\/\/senoticias.com.br\/se\/wp-json\/wp\/v2\/media?parent=128224"}],"wp:term":[{"taxonomy":"category","embeddable":true,"href":"https:\/\/senoticias.com.br\/se\/wp-json\/wp\/v2\/categories?post=128224"},{"taxonomy":"post_tag","embeddable":true,"href":"https:\/\/senoticias.com.br\/se\/wp-json\/wp\/v2\/tags?post=128224"}],"curies":[{"name":"wp","href":"https:\/\/api.w.org\/{rel}","templated":true}]}}