{"id":128196,"date":"2021-05-28T14:50:45","date_gmt":"2021-05-28T17:50:45","guid":{"rendered":"https:\/\/senoticias.com.br\/se\/?p=128196"},"modified":"2021-05-28T15:04:08","modified_gmt":"2021-05-28T18:04:08","slug":"4-morrem-apos-fogo-na-ala-de-covid-de-hospital-diz-prefeitura-de-aracaju","status":"publish","type":"post","link":"https:\/\/senoticias.com.br\/se\/4-morrem-apos-fogo-na-ala-de-covid-de-hospital-diz-prefeitura-de-aracaju\/","title":{"rendered":"4 morrem ap\u00f3s fogo na ala de covid de hospital, diz Prefeitura de Aracaju"},"content":{"rendered":"\n<p><\/p>\n\n\n\n<p>Quatro pacientes internados no Hospital Doutor Nestor Piva, em Aracaju (SE) morreram ap\u00f3s um inc\u00eandio na manh\u00e3 de hoje atingir as alas cl\u00ednica e de covid-19. Segundo a prefeitura da capital sergipana, tr\u00eas pessoas foram a \u00f3bito no local e uma mulher de 77 anos faleceu durante a transfer\u00eancia para o Huse (Hospital de Urg\u00eancia Governador Jo\u00e3o Alves Filho). N\u00e3o foram divulgados dados das demais v\u00edtimas.<\/p>\n\n\n\n<figure class=\"wp-block-image size-large\"><img loading=\"lazy\" decoding=\"async\" width=\"576\" height=\"325\" src=\"https:\/\/senoticias.com.br\/se\/wp-content\/uploads\/2021\/05\/incendionestor.jpg\" alt=\"\" class=\"wp-image-128197\" srcset=\"https:\/\/senoticias.com.br\/se\/wp-content\/uploads\/2021\/05\/incendionestor.jpg 576w, https:\/\/senoticias.com.br\/se\/wp-content\/uploads\/2021\/05\/incendionestor-300x169.jpg 300w\" sizes=\"(max-width: 576px) 100vw, 576px\" \/><figcaption>Inc\u00eandio atinge ala Covid de hospital na Zona Norte de Aracaju \u2014 Foto: Michele Costa\/TV Sergipe<\/figcaption><\/figure>\n\n\n\n<p>Ao todo, 35 pacientes tiveram de ser removidos \u00e0s pressas e transferidos para os hospitais de Santa Isabel, Senhor dos Passos, Primavera, Hapvida, Fernando Franco e para leitos do Caps Jael Patr\u00edcio, al\u00e9m do Huse.<\/p>\n\n\n\n<p>Segundo o governo do estado, que comandou a a\u00e7\u00e3o com dez viaturas e &#8216;motol\u00e2ncias&#8217;, houve resgate de pessoas com problemas causados pelo fogo e pela inala\u00e7\u00e3o de fuma\u00e7a, entre eles, 32 funcion\u00e1rios. Ao todo, foram atendidas cerca de 60 pessoas.<\/p>\n\n\n\n<p>Os feridos e removidos foram encaminhados para v\u00e1rios hospitais. No Hospital de Urg\u00eancia, chegaram nove v\u00edtimas na Unidade de Paciente Cr\u00edtico, que \u00e9 uma \u00e1rea para pacientes com queimaduras e principalmente les\u00e3o inalat\u00f3ria.<\/p>\n\n\n\n<p>&#8220;A equipe da cirurgia pl\u00e1stica j\u00e1 est\u00e1 atuando, a Unidade de Tratamento de Queimados (UTQ) j\u00e1 est\u00e1 de prontid\u00e3o com leitos, bem como o esvaziamento do corredor da cat\u00e1strofe para receber a demanda do dia que normalmente acontece no Nestor Piva e que deve transbordar aqui para o Huse&#8221;, explicou o superintendente do Huse, Walter Pinheiro.<\/p>\n\n\n\n<p><em>Quer receber as principais not\u00edcias do&nbsp;<strong>SE Not\u00edcias<\/strong>&nbsp;no seu&nbsp;<strong>WhatsApp?<\/strong>&nbsp;<strong><a href=\"https:\/\/api.whatsapp.com\/send?phone=5579991715289\">Clique aqui<\/a><\/strong>.<\/em><\/p>\n\n\n\n<p><strong><em>Acompanhe tamb\u00e9m o SE Not\u00edcias no\u00a0<a rel=\"noreferrer noopener\" href=\"https:\/\/twitter.com\/Senoticias\" target=\"_blank\">Twitter<\/a>,\u00a0<a rel=\"noreferrer noopener\" href=\"https:\/\/www.facebook.com\/senoticias1\" target=\"_blank\">Facebook<\/a>\u00a0e no\u00a0<a rel=\"noreferrer noopener\" href=\"https:\/\/www.instagram.com\/senoticias\/\" target=\"_blank\">Instagram<\/a><\/em><\/strong>.<\/p>\n\n\n\n<p>Fonte: Carlos Madeiro, UOL<\/p>\n","protected":false},"excerpt":{"rendered":"<p>Quatro pacientes internados no Hospital Doutor Nestor Piva, em Aracaju (SE) morreram ap\u00f3s um inc\u00eandio na manh\u00e3 de hoje atingir as alas cl\u00ednica e de covid-19. Segundo a prefeitura da capital sergipana, tr\u00eas pessoas foram a \u00f3bito no local e uma mulher de 77 anos faleceu durante a transfer\u00eancia para o Huse (Hospital de Urg\u00eancia [&hellip;]<\/p>\n","protected":false},"author":6552,"featured_media":0,"comment_status":"closed","ping_status":"closed","sticky":false,"template":"","format":"standard","meta":{"footnotes":""},"categories":[15,6],"tags":[14279,4915,34306,14369],"class_list":{"0":"post-128196","1":"post","2":"type-post","3":"status-publish","4":"format-standard","6":"category-destaques","7":"category-politica","8":"tag-covid19","9":"tag-hospital-nestor-piva","10":"tag-incendio-atinge-ala-covid","11":"tag-pandemia"},"_links":{"self":[{"href":"https:\/\/senoticias.com.br\/se\/wp-json\/wp\/v2\/posts\/128196"}],"collection":[{"href":"https:\/\/senoticias.com.br\/se\/wp-json\/wp\/v2\/posts"}],"about":[{"href":"https:\/\/senoticias.com.br\/se\/wp-json\/wp\/v2\/types\/post"}],"author":[{"embeddable":true,"href":"https:\/\/senoticias.com.br\/se\/wp-json\/wp\/v2\/users\/6552"}],"replies":[{"embeddable":true,"href":"https:\/\/senoticias.com.br\/se\/wp-json\/wp\/v2\/comments?post=128196"}],"version-history":[{"count":0,"href":"https:\/\/senoticias.com.br\/se\/wp-json\/wp\/v2\/posts\/128196\/revisions"}],"wp:attachment":[{"href":"https:\/\/senoticias.com.br\/se\/wp-json\/wp\/v2\/media?parent=128196"}],"wp:term":[{"taxonomy":"category","embeddable":true,"href":"https:\/\/senoticias.com.br\/se\/wp-json\/wp\/v2\/categories?post=128196"},{"taxonomy":"post_tag","embeddable":true,"href":"https:\/\/senoticias.com.br\/se\/wp-json\/wp\/v2\/tags?post=128196"}],"curies":[{"name":"wp","href":"https:\/\/api.w.org\/{rel}","templated":true}]}}