{"id":128176,"date":"2021-05-26T17:51:01","date_gmt":"2021-05-26T20:51:01","guid":{"rendered":"https:\/\/senoticias.com.br\/se\/?p=128176"},"modified":"2021-05-26T17:51:10","modified_gmt":"2021-05-26T20:51:10","slug":"policia-civil-prende-suspeito-de-furto-de-r-280-mil-no-interior-do-estado","status":"publish","type":"post","link":"https:\/\/senoticias.com.br\/se\/policia-civil-prende-suspeito-de-furto-de-r-280-mil-no-interior-do-estado\/","title":{"rendered":"Pol\u00edcia Civil prende suspeito de  furto de R$ 280 mil no interior do estado"},"content":{"rendered":"\n<p>Policiais civis de Tobias Barreto, com o apoio de agentes da Delegacia Regional de Lagarto, identificaram e localizaram Milton da Concei\u00e7\u00e3o, 41. Ele \u00e9 apontado como autor de dois furtos a estabelecimentos comerciais de Tobias Barreto. A deten\u00e7\u00e3o ocorreu na tarde dessa ter\u00e7a-feira, 25, em Lagarto. Na a\u00e7\u00e3o policial, foram apreendidos R$ 50 mil e objetos adquiridos com o dinheiro do furto.<\/p>\n\n\n\n<figure class=\"wp-block-image size-large\"><img loading=\"lazy\" decoding=\"async\" width=\"589\" height=\"442\" src=\"https:\/\/senoticias.com.br\/se\/wp-content\/uploads\/2021\/05\/Furto-de-dinheiro-SE-Noticias.jpg\" alt=\"\" class=\"wp-image-128177\" srcset=\"https:\/\/senoticias.com.br\/se\/wp-content\/uploads\/2021\/05\/Furto-de-dinheiro-SE-Noticias.jpg 589w, https:\/\/senoticias.com.br\/se\/wp-content\/uploads\/2021\/05\/Furto-de-dinheiro-SE-Noticias-300x225.jpg 300w, https:\/\/senoticias.com.br\/se\/wp-content\/uploads\/2021\/05\/Furto-de-dinheiro-SE-Noticias-45x35.jpg 45w\" sizes=\"(max-width: 589px) 100vw, 589px\" \/><figcaption>Segundo o delegado, o dinheiro foi levado em investida contra supermercado do munic\u00edpio &#8211; Foto: SSP\/SE<\/figcaption><\/figure>\n\n\n\n<p>De acordo com o delegado Francisco Gerlandio, num dos furtos, o autor subtraiu R$ 280 mil de um supermercado da cidade, bem como levou pe\u00e7as de roupas, dinheiro e um celular de uma loja de roupas. &#8220;Observamos que ele agia sempre no mesmo dia &#8211; madrugada de segunda para ter\u00e7a e conjugando informa\u00e7\u00f5es levadas ao Disque-Den\u00fancia passamos a considerar que fosse a mesma pessoa&#8221;, detalhou.<\/p>\n\n\n\n<p>Ainda de acordo com o delegado, ap\u00f3s apoio da Divis\u00e3o de Intelig\u00eancia (Dipol), foi poss\u00edvel localizar o autor dos furtos, que os confessou e disse que j\u00e1 havia gastado todo o dinheiro, comprando terrenos, casa, carro, motocicleta e mob\u00edlia nova, a exemplo de geladeira, TV, fog\u00e3o e camas.<\/p>\n\n\n\n<p>Todo o material foi apreendido e os vendedores dos im\u00f3veis foram intimados a comparecer na delegacia, onde ser\u00e3o orientados a devolver o dinheiro das vendas. Explicou ainda o delegado que as informa\u00e7\u00f5es repassadas ao Disque-Den\u00fancia foram cruciais para elucida\u00e7\u00e3o do caso, e que todas as evid\u00eancias ser\u00e3o encaminhadas ao Minist\u00e9rio P\u00fablico, j\u00e1 que os casos, segundo a Pol\u00edcia Civil, est\u00e3o completamente elucidados.<\/p>\n\n\n\n<p><em>Quer receber as principais not\u00edcias do&nbsp;<strong>SE Not\u00edcias<\/strong>&nbsp;no seu&nbsp;<strong>WhatsApp?<\/strong>&nbsp;<strong><a href=\"https:\/\/api.whatsapp.com\/send?phone=5579991715289\">Clique aqui<\/a><\/strong>.<\/em><\/p>\n\n\n\n<p><strong><em>Acompanhe tamb\u00e9m o SE Not\u00edcias no\u00a0<a rel=\"noreferrer noopener\" href=\"https:\/\/twitter.com\/Senoticias\" target=\"_blank\">Twitter<\/a>,\u00a0<a rel=\"noreferrer noopener\" href=\"https:\/\/www.facebook.com\/senoticias1\" target=\"_blank\">Facebook<\/a>\u00a0e no\u00a0<a rel=\"noreferrer noopener\" href=\"https:\/\/www.instagram.com\/senoticias\/\" target=\"_blank\">Instagram<\/a><\/em><\/strong>.<\/p>\n\n\n\n<p>Fonte: SSP\/SE<\/p>\n","protected":false},"excerpt":{"rendered":"<p>Policiais civis de Tobias Barreto, com o apoio de agentes da Delegacia Regional de Lagarto, identificaram e localizaram Milton da Concei\u00e7\u00e3o, 41. Ele \u00e9 apontado como autor de dois furtos a estabelecimentos comerciais de Tobias Barreto. A deten\u00e7\u00e3o ocorreu na tarde dessa ter\u00e7a-feira, 25, em Lagarto. Na a\u00e7\u00e3o policial, foram apreendidos R$ 50 mil e [&hellip;]<\/p>\n","protected":false},"author":6552,"featured_media":0,"comment_status":"closed","ping_status":"closed","sticky":false,"template":"","format":"standard","meta":{"footnotes":""},"categories":[15,7],"tags":[6709,34297,34295,78,34296],"class_list":{"0":"post-128176","1":"post","2":"type-post","3":"status-publish","4":"format-standard","6":"category-destaques","7":"category-policia","8":"tag-delegacia-regional-de-lagarto","9":"tag-delegado-francisco-gerlandio","10":"tag-furto-de-280-mil","11":"tag-policia-civil","12":"tag-policiais-civis-de-tobias-barreto"},"_links":{"self":[{"href":"https:\/\/senoticias.com.br\/se\/wp-json\/wp\/v2\/posts\/128176"}],"collection":[{"href":"https:\/\/senoticias.com.br\/se\/wp-json\/wp\/v2\/posts"}],"about":[{"href":"https:\/\/senoticias.com.br\/se\/wp-json\/wp\/v2\/types\/post"}],"author":[{"embeddable":true,"href":"https:\/\/senoticias.com.br\/se\/wp-json\/wp\/v2\/users\/6552"}],"replies":[{"embeddable":true,"href":"https:\/\/senoticias.com.br\/se\/wp-json\/wp\/v2\/comments?post=128176"}],"version-history":[{"count":0,"href":"https:\/\/senoticias.com.br\/se\/wp-json\/wp\/v2\/posts\/128176\/revisions"}],"wp:attachment":[{"href":"https:\/\/senoticias.com.br\/se\/wp-json\/wp\/v2\/media?parent=128176"}],"wp:term":[{"taxonomy":"category","embeddable":true,"href":"https:\/\/senoticias.com.br\/se\/wp-json\/wp\/v2\/categories?post=128176"},{"taxonomy":"post_tag","embeddable":true,"href":"https:\/\/senoticias.com.br\/se\/wp-json\/wp\/v2\/tags?post=128176"}],"curies":[{"name":"wp","href":"https:\/\/api.w.org\/{rel}","templated":true}]}}