{"id":128170,"date":"2021-05-26T14:23:51","date_gmt":"2021-05-26T17:23:51","guid":{"rendered":"https:\/\/senoticias.com.br\/se\/?p=128170"},"modified":"2021-05-26T14:29:27","modified_gmt":"2021-05-26T17:29:27","slug":"home-center-ferreira-costa-oferece-feira-organica-toda-sexta-feira","status":"publish","type":"post","link":"https:\/\/senoticias.com.br\/se\/home-center-ferreira-costa-oferece-feira-organica-toda-sexta-feira\/","title":{"rendered":"Home Center Ferreira Costa oferece Feira Org\u00e2nica toda sexta-feira"},"content":{"rendered":"\n<p><\/p>\n\n\n\n<p>Para quem tem todo um cuidado com a alimenta\u00e7\u00e3o e prioriza produtos fresquinhos,&nbsp;a&nbsp;partir desta&nbsp;sexta-feira (29\/05), no&nbsp;mall&nbsp;da Ferreira Costa&nbsp;Aracaju, ir\u00e1 acontecer uma Feira Org\u00e2nica.&nbsp;<\/p>\n\n\n\n<figure class=\"wp-block-image size-large\"><img loading=\"lazy\" decoding=\"async\" width=\"583\" height=\"640\" src=\"https:\/\/senoticias.com.br\/se\/wp-content\/uploads\/2021\/05\/Ferreira-Costa-SE-Noticias.jpeg\" alt=\"\" class=\"wp-image-128171\" srcset=\"https:\/\/senoticias.com.br\/se\/wp-content\/uploads\/2021\/05\/Ferreira-Costa-SE-Noticias.jpeg 583w, https:\/\/senoticias.com.br\/se\/wp-content\/uploads\/2021\/05\/Ferreira-Costa-SE-Noticias-273x300.jpeg 273w\" sizes=\"(max-width: 583px) 100vw, 583px\" \/><figcaption>Feira org\u00e2nica acontecer\u00e1 a partir do dia 29 &#8211; Foto: Ascom\/Ferreira Costa<\/figcaption><\/figure>\n\n\n\n<p>A feira ocorre das 08h \u00e0s 12h e \u00e9 resultado de uma parceria entre a loja e Feira Hortali\u00e7as Vit\u00f3ria.\u00a0O\u00a0plantio \u00e9 feito pela\u00a0pr\u00f3pria\u00a0fam\u00edlia,\u00a0em\u00a0suas\u00a0propriedade.\u00a0\u00a0<\/p>\n\n\n\n<p>O diferencial dos produtos oferecidos\u00a0\u00e9 a aus\u00eancia do uso de agrot\u00f3xicos, transg\u00eanicos e pesticidas. Todo o plantio \u00e9 feito com a base do esterco dos pr\u00f3prios animais que temos nos s\u00edtios juntamente com adubos naturais.\u00a0Quem frequentar a feira org\u00e2nica\u00a0poder\u00e1 encontrar frutas, verduras\u00a0e ovos de galinha caipira.<\/p>\n\n\n\n<p><em>Quer receber as principais not\u00edcias do&nbsp;<strong>SE Not\u00edcias<\/strong>&nbsp;no seu&nbsp;<strong>WhatsApp?<\/strong>&nbsp;<strong><a href=\"https:\/\/api.whatsapp.com\/send?phone=5579991715289\">Clique aqui<\/a><\/strong>.<\/em><\/p>\n\n\n\n<p><strong><em>Acompanhe tamb\u00e9m o SE Not\u00edcias no&nbsp;<a rel=\"noreferrer noopener\" href=\"https:\/\/twitter.com\/Senoticias\" target=\"_blank\">Twitter<\/a>,&nbsp;<a rel=\"noreferrer noopener\" href=\"https:\/\/www.facebook.com\/senoticias1\" target=\"_blank\">Facebook<\/a>&nbsp;e no&nbsp;<a rel=\"noreferrer noopener\" href=\"https:\/\/www.instagram.com\/senoticias\/\" target=\"_blank\">Instagram<\/a><\/em><\/strong>.<\/p>\n\n\n\n<p>Fonte: Ascom\/Ferreira Costa<\/p>\n","protected":false},"excerpt":{"rendered":"<p>Para quem tem todo um cuidado com a alimenta\u00e7\u00e3o e prioriza produtos fresquinhos,&nbsp;a&nbsp;partir desta&nbsp;sexta-feira (29\/05), no&nbsp;mall&nbsp;da Ferreira Costa&nbsp;Aracaju, ir\u00e1 acontecer uma Feira Org\u00e2nica.&nbsp; A feira ocorre das 08h \u00e0s 12h e \u00e9 resultado de uma parceria entre a loja e Feira Hortali\u00e7as Vit\u00f3ria.\u00a0O\u00a0plantio \u00e9 feito pela\u00a0pr\u00f3pria\u00a0fam\u00edlia,\u00a0em\u00a0suas\u00a0propriedade.\u00a0\u00a0 O diferencial dos produtos oferecidos\u00a0\u00e9 a aus\u00eancia do uso [&hellip;]<\/p>\n","protected":false},"author":6552,"featured_media":0,"comment_status":"closed","ping_status":"closed","sticky":false,"template":"","format":"standard","meta":{"footnotes":""},"categories":[15,21],"tags":[34293,6130],"class_list":{"0":"post-128170","1":"post","2":"type-post","3":"status-publish","4":"format-standard","6":"category-destaques","7":"category-entretenimento","8":"tag-feira-organica","9":"tag-home-center-ferreira-costa"},"_links":{"self":[{"href":"https:\/\/senoticias.com.br\/se\/wp-json\/wp\/v2\/posts\/128170"}],"collection":[{"href":"https:\/\/senoticias.com.br\/se\/wp-json\/wp\/v2\/posts"}],"about":[{"href":"https:\/\/senoticias.com.br\/se\/wp-json\/wp\/v2\/types\/post"}],"author":[{"embeddable":true,"href":"https:\/\/senoticias.com.br\/se\/wp-json\/wp\/v2\/users\/6552"}],"replies":[{"embeddable":true,"href":"https:\/\/senoticias.com.br\/se\/wp-json\/wp\/v2\/comments?post=128170"}],"version-history":[{"count":0,"href":"https:\/\/senoticias.com.br\/se\/wp-json\/wp\/v2\/posts\/128170\/revisions"}],"wp:attachment":[{"href":"https:\/\/senoticias.com.br\/se\/wp-json\/wp\/v2\/media?parent=128170"}],"wp:term":[{"taxonomy":"category","embeddable":true,"href":"https:\/\/senoticias.com.br\/se\/wp-json\/wp\/v2\/categories?post=128170"},{"taxonomy":"post_tag","embeddable":true,"href":"https:\/\/senoticias.com.br\/se\/wp-json\/wp\/v2\/tags?post=128170"}],"curies":[{"name":"wp","href":"https:\/\/api.w.org\/{rel}","templated":true}]}}