{"id":128159,"date":"2021-05-25T19:08:01","date_gmt":"2021-05-25T22:08:01","guid":{"rendered":"https:\/\/senoticias.com.br\/se\/?p=128159"},"modified":"2021-05-25T19:11:16","modified_gmt":"2021-05-25T22:11:16","slug":"governo-do-estado-inicia-pagamento-da-folha-de-maio-nesta-quinta-feira-27","status":"publish","type":"post","link":"https:\/\/senoticias.com.br\/se\/governo-do-estado-inicia-pagamento-da-folha-de-maio-nesta-quinta-feira-27\/","title":{"rendered":"Governo do Estado inicia pagamento da folha de maio nesta quinta-feira, 27"},"content":{"rendered":"\n<p>O governo do Estado inicia o pagamento da folha de maio nesta quinta-feira (27), quando recebem, os servidores ativos da Secretaria de Estado da Sa\u00fade (SES) e suas Funda\u00e7\u00f5es. Os demais servidores recebem na sexta-feira (28), a partir das 14h, quando ser\u00e1 conclu\u00eddo o pagamento para todos os 70.702 funcion\u00e1rios p\u00fablicos estaduais ativos, inativos e comissionados.<\/p>\n\n\n\n<figure class=\"wp-block-image size-large\"><img loading=\"lazy\" decoding=\"async\" width=\"590\" height=\"393\" src=\"https:\/\/senoticias.com.br\/se\/wp-content\/uploads\/2013\/12\/D\u00e9cimo.jpg\" alt=\"\" class=\"wp-image-57174\" srcset=\"https:\/\/senoticias.com.br\/se\/wp-content\/uploads\/2013\/12\/D\u00e9cimo.jpg 590w, https:\/\/senoticias.com.br\/se\/wp-content\/uploads\/2013\/12\/D\u00e9cimo-300x199.jpg 300w, https:\/\/senoticias.com.br\/se\/wp-content\/uploads\/2013\/12\/D\u00e9cimo-342x227.jpg 342w\" sizes=\"(max-width: 590px) 100vw, 590px\" \/><figcaption> Demais servidores recebem na sexta-feira (28), incluindo aposentados e pensionistas &#8211; Foto: Marcos Santos<\/figcaption><\/figure>\n\n\n\n\n\n<p>O pagamento em dois dias diferenciados, iniciando com os servidores da Sa\u00fade, tem o intuito de evitar o deslocamento de muitas pessoas aos bancos ao mesmo tempo, devido ao momento ainda cr\u00edtico da pandemia.<\/p>\n\n\n\n<p><strong>13\u00ba Sal\u00e1rio de 2021<\/strong><\/p>\n\n\n\n<p>Para os pensionistas e aposentados que recebem at\u00e9 R$ 6 mil, o Governo realiza, tamb\u00e9m, o pagamento da 5\u00aa parcela (do total de 10) do 13\u00ba sal\u00e1rio de 2021, junto com o sal\u00e1rio do m\u00eas.<\/p>\n\n\n\n<p>Aos demais servidores ativos e inativos, aniversariantes do m\u00eas de maio, o Governo paga a 1\u00aa parcela do 13\u00ba Sal\u00e1rio de 2021, de forma proporcional, junto com o sal\u00e1rio do m\u00eas. A segunda parcela ser\u00e1 paga at\u00e9 20 de dezembro de 2021.<\/p>\n\n\n\n<p><em>Quer receber as principais not\u00edcias do&nbsp;<strong>SE Not\u00edcias<\/strong>&nbsp;no seu&nbsp;<strong>WhatsApp?<\/strong>&nbsp;<strong><a href=\"https:\/\/api.whatsapp.com\/send?phone=5579991715289\">Clique aqui<\/a><\/strong>.<\/em><\/p>\n\n\n\n<p><strong><em>Acompanhe tamb\u00e9m o SE Not\u00edcias no\u00a0<a rel=\"noreferrer noopener\" href=\"https:\/\/twitter.com\/Senoticias\" target=\"_blank\">Twitter<\/a>,\u00a0<a rel=\"noreferrer noopener\" href=\"https:\/\/www.facebook.com\/senoticias1\" target=\"_blank\">Facebook<\/a>\u00a0e no\u00a0<a rel=\"noreferrer noopener\" href=\"https:\/\/www.instagram.com\/senoticias\/\" target=\"_blank\">Instagram<\/a><\/em><\/strong>.<\/p>\n\n\n\n<p>Fonte: Ag\u00eancia Sergipe de Not\u00edcias<\/p>\n","protected":false},"excerpt":{"rendered":"<p>O governo do Estado inicia o pagamento da folha de maio nesta quinta-feira (27), quando recebem, os servidores ativos da Secretaria de Estado da Sa\u00fade (SES) e suas Funda\u00e7\u00f5es. Os demais servidores recebem na sexta-feira (28), a partir das 14h, quando ser\u00e1 conclu\u00eddo o pagamento para todos os 70.702 funcion\u00e1rios p\u00fablicos estaduais ativos, inativos e [&hellip;]<\/p>\n","protected":false},"author":6552,"featured_media":0,"comment_status":"closed","ping_status":"closed","sticky":false,"template":"","format":"standard","meta":{"footnotes":""},"categories":[15,6],"tags":[34287,448,6276,17025],"class_list":{"0":"post-128159","1":"post","2":"type-post","3":"status-publish","4":"format-standard","6":"category-destaques","7":"category-politica","8":"tag-folha-de-maio","9":"tag-governo-de-sergipe","10":"tag-pagamento-dos-servidores","11":"tag-salario-dos-servidores-2"},"_links":{"self":[{"href":"https:\/\/senoticias.com.br\/se\/wp-json\/wp\/v2\/posts\/128159"}],"collection":[{"href":"https:\/\/senoticias.com.br\/se\/wp-json\/wp\/v2\/posts"}],"about":[{"href":"https:\/\/senoticias.com.br\/se\/wp-json\/wp\/v2\/types\/post"}],"author":[{"embeddable":true,"href":"https:\/\/senoticias.com.br\/se\/wp-json\/wp\/v2\/users\/6552"}],"replies":[{"embeddable":true,"href":"https:\/\/senoticias.com.br\/se\/wp-json\/wp\/v2\/comments?post=128159"}],"version-history":[{"count":0,"href":"https:\/\/senoticias.com.br\/se\/wp-json\/wp\/v2\/posts\/128159\/revisions"}],"wp:attachment":[{"href":"https:\/\/senoticias.com.br\/se\/wp-json\/wp\/v2\/media?parent=128159"}],"wp:term":[{"taxonomy":"category","embeddable":true,"href":"https:\/\/senoticias.com.br\/se\/wp-json\/wp\/v2\/categories?post=128159"},{"taxonomy":"post_tag","embeddable":true,"href":"https:\/\/senoticias.com.br\/se\/wp-json\/wp\/v2\/tags?post=128159"}],"curies":[{"name":"wp","href":"https:\/\/api.w.org\/{rel}","templated":true}]}}