{"id":128128,"date":"2021-05-23T18:57:37","date_gmt":"2021-05-23T21:57:37","guid":{"rendered":"https:\/\/senoticias.com.br\/se\/?p=128128"},"modified":"2021-05-23T19:02:34","modified_gmt":"2021-05-23T22:02:34","slug":"estabelecimentos-da-orla-de-atalaia-sao-fiscalizados-pela-forca-tarefa-de-combate-a-covid-19","status":"publish","type":"post","link":"https:\/\/senoticias.com.br\/se\/estabelecimentos-da-orla-de-atalaia-sao-fiscalizados-pela-forca-tarefa-de-combate-a-covid-19\/","title":{"rendered":"Estabelecimentos da Orla de Atalaia s\u00e3o fiscalizados pela For\u00e7a-tarefa de Combate \u00e0 Covid-19"},"content":{"rendered":"\n<p><\/p>\n\n\n\n<p>Com a reabertura de bares, restaurantes e praias aos s\u00e1bados, anunciada pelo Governo do Estado, a For\u00e7a-tarefa de combate \u00e0 Covid-19 continuou as a\u00e7\u00f5es para checar o cumprimento dos decretos e resolu\u00e7\u00f5es. Neste s\u00e1bado, 22, as inspe\u00e7\u00f5es foram realizadas nos estabelecimentos da Orla de Atalaia.<\/p>\n\n\n\n<figure class=\"wp-block-image size-large\"><img loading=\"lazy\" decoding=\"async\" width=\"589\" height=\"406\" src=\"https:\/\/senoticias.com.br\/se\/wp-content\/uploads\/2021\/05\/Forca-tarefa-SE-Noticias.jpeg\" alt=\"\" class=\"wp-image-128129\" srcset=\"https:\/\/senoticias.com.br\/se\/wp-content\/uploads\/2021\/05\/Forca-tarefa-SE-Noticias.jpeg 589w, https:\/\/senoticias.com.br\/se\/wp-content\/uploads\/2021\/05\/Forca-tarefa-SE-Noticias-300x207.jpeg 300w, https:\/\/senoticias.com.br\/se\/wp-content\/uploads\/2021\/05\/Forca-tarefa-SE-Noticias-95x64.jpeg 95w\" sizes=\"(max-width: 589px) 100vw, 589px\" \/><figcaption>Participaram da For\u00e7a-tarefa, \u00f3rg\u00e3os como a Vigil\u00e2ncia Sanit\u00e1ria, Pol\u00edcia Militar, Defesa Civil e Corpo de Bombeiros &#8211; Foto:  Valter Sobrinho\/SES<\/figcaption><\/figure>\n\n\n\n<p>O Fiscal Sanit\u00e1rio da Secretaria de Estado da Sa\u00fade (SES), Paulo Tiago Santos, destaca que na a\u00e7\u00e3o os \u00f3rg\u00e3os verificaram se os estabelecimentos cumpriam a capacidade de pessoas determinadas. \u201cA fiscaliza\u00e7\u00e3o foi bem tranquila, checamos todos os estabelecimentos da Orla e constatamos que estavam cumprindo a limita\u00e7\u00e3o da capacidade de 30%\u201d, disse.<\/p>\n\n\n\n<p>O fiscal ainda contou que os \u00f3rg\u00e3os dialogam sobre o hor\u00e1rio de funcionamento, que \u00e9 at\u00e9 \u00e0s 21h, a necessidade do distanciamento das mesas e disponibiliza\u00e7\u00e3o de \u00e1lcool 70%, para a seguran\u00e7a dos consumidores.<\/p>\n\n\n\n<p>Participaram dessa for\u00e7a-tarefa, \u00f3rg\u00e3os como a Vigil\u00e2ncia Sanit\u00e1ria, Pol\u00edcia Militar, Defesa Civil e Corpo de Bombeiros. Nas semanas anteriores, a Vigil\u00e2ncia Sanit\u00e1ria Estadual realizou o trabalho de inspe\u00e7\u00e3o em parceria com os munic\u00edpios da Regi\u00e3o Metropolitana considerando que a maior concentra\u00e7\u00e3o de casos da doen\u00e7a est\u00e1 na Grande Aracaju.<\/p>\n\n\n\n<p><em>Quer receber as principais not\u00edcias do&nbsp;<strong>SE Not\u00edcias<\/strong>&nbsp;no seu&nbsp;<strong>WhatsApp?<\/strong>&nbsp;<strong><a href=\"https:\/\/api.whatsapp.com\/send?phone=5579991715289\">Clique aqui<\/a><\/strong>.<\/em><\/p>\n\n\n\n<p><strong><em>Acompanhe tamb\u00e9m o SE Not\u00edcias no\u00a0<a rel=\"noreferrer noopener\" href=\"https:\/\/twitter.com\/Senoticias\" target=\"_blank\">Twitter<\/a>,\u00a0<a rel=\"noreferrer noopener\" href=\"https:\/\/www.facebook.com\/senoticias1\" target=\"_blank\">Facebook<\/a>\u00a0e no\u00a0<a rel=\"noreferrer noopener\" href=\"https:\/\/www.instagram.com\/senoticias\/\" target=\"_blank\">Instagram<\/a><\/em><\/strong>.<\/p>\n\n\n\n<p>Fonte: Ag\u00eancia Sergipe de Not\u00edcias<\/p>\n","protected":false},"excerpt":{"rendered":"<p>Com a reabertura de bares, restaurantes e praias aos s\u00e1bados, anunciada pelo Governo do Estado, a For\u00e7a-tarefa de combate \u00e0 Covid-19 continuou as a\u00e7\u00f5es para checar o cumprimento dos decretos e resolu\u00e7\u00f5es. Neste s\u00e1bado, 22, as inspe\u00e7\u00f5es foram realizadas nos estabelecimentos da Orla de Atalaia. O Fiscal Sanit\u00e1rio da Secretaria de Estado da Sa\u00fade (SES), [&hellip;]<\/p>\n","protected":false},"author":6552,"featured_media":0,"comment_status":"closed","ping_status":"closed","sticky":false,"template":"","format":"standard","meta":{"footnotes":""},"categories":[15,6],"tags":[16433,14279,16434,4312,14369],"class_list":{"0":"post-128128","1":"post","2":"type-post","3":"status-publish","4":"format-standard","6":"category-destaques","7":"category-politica","8":"tag-combate-a-covid-19","9":"tag-covid19","10":"tag-forca-tarefa-2","11":"tag-orla-de-atalaia","12":"tag-pandemia"},"_links":{"self":[{"href":"https:\/\/senoticias.com.br\/se\/wp-json\/wp\/v2\/posts\/128128"}],"collection":[{"href":"https:\/\/senoticias.com.br\/se\/wp-json\/wp\/v2\/posts"}],"about":[{"href":"https:\/\/senoticias.com.br\/se\/wp-json\/wp\/v2\/types\/post"}],"author":[{"embeddable":true,"href":"https:\/\/senoticias.com.br\/se\/wp-json\/wp\/v2\/users\/6552"}],"replies":[{"embeddable":true,"href":"https:\/\/senoticias.com.br\/se\/wp-json\/wp\/v2\/comments?post=128128"}],"version-history":[{"count":0,"href":"https:\/\/senoticias.com.br\/se\/wp-json\/wp\/v2\/posts\/128128\/revisions"}],"wp:attachment":[{"href":"https:\/\/senoticias.com.br\/se\/wp-json\/wp\/v2\/media?parent=128128"}],"wp:term":[{"taxonomy":"category","embeddable":true,"href":"https:\/\/senoticias.com.br\/se\/wp-json\/wp\/v2\/categories?post=128128"},{"taxonomy":"post_tag","embeddable":true,"href":"https:\/\/senoticias.com.br\/se\/wp-json\/wp\/v2\/tags?post=128128"}],"curies":[{"name":"wp","href":"https:\/\/api.w.org\/{rel}","templated":true}]}}