{"id":128126,"date":"2021-05-23T15:25:42","date_gmt":"2021-05-23T18:25:42","guid":{"rendered":"https:\/\/senoticias.com.br\/se\/?p=128126"},"modified":"2021-05-23T15:25:48","modified_gmt":"2021-05-23T18:25:48","slug":"reintegracao-de-posse-retira-cerca-de-70-pessoas-de-predio-na-regiao-central-de-aracaju","status":"publish","type":"post","link":"https:\/\/senoticias.com.br\/se\/reintegracao-de-posse-retira-cerca-de-70-pessoas-de-predio-na-regiao-central-de-aracaju\/","title":{"rendered":"Reintegra\u00e7\u00e3o de posse retira cerca de 70 pessoas de pr\u00e9dio na Regi\u00e3o Central de Aracaju"},"content":{"rendered":"\n<p>Uma reintegra\u00e7\u00e3o de posse est\u00e1 sendo realizada pela Pol\u00edcia Militar (PM) desde \u00e0s 6h da manh\u00e3 deste domingo (23), em um pr\u00e9dio localizado na Avenida Ivo do Prado, na Regi\u00e3o Central de Aracaju, que abriga 71 pessoas da Ocupa\u00e7\u00e3o Jo\u00e3o Mulungu, de acordo com o Movimento de Luta nos Bairros, Vilas e Favelas (MLB). A informa\u00e7\u00e3o \u00e9 do G1 SE.<\/p>\n\n\n\n<figure class=\"wp-block-image size-large\"><img loading=\"lazy\" decoding=\"async\" width=\"574\" height=\"370\" src=\"https:\/\/senoticias.com.br\/se\/wp-content\/uploads\/2021\/05\/Reintegracao-de-posse-em-Aracaju-SE-Noticias.jpg\" alt=\"\" class=\"wp-image-128127\" srcset=\"https:\/\/senoticias.com.br\/se\/wp-content\/uploads\/2021\/05\/Reintegracao-de-posse-em-Aracaju-SE-Noticias.jpg 574w, https:\/\/senoticias.com.br\/se\/wp-content\/uploads\/2021\/05\/Reintegracao-de-posse-em-Aracaju-SE-Noticias-300x193.jpg 300w, https:\/\/senoticias.com.br\/se\/wp-content\/uploads\/2021\/05\/Reintegracao-de-posse-em-Aracaju-SE-Noticias-190x122.jpg 190w, https:\/\/senoticias.com.br\/se\/wp-content\/uploads\/2021\/05\/Reintegracao-de-posse-em-Aracaju-SE-Noticias-120x76.jpg 120w\" sizes=\"(max-width: 574px) 100vw, 574px\" \/><figcaption>Reintegra\u00e7\u00e3o de posse ocorre em pr\u00e9dio na Avenida Ivo do Prado \u2014 Foto: Divulga\u00e7\u00e3o\/DPE\/SE<\/figcaption><\/figure>\n\n\n\n<p>Segundo a PM, a a\u00e7\u00e3o ocorre por ordem de uma determina\u00e7\u00e3o judicial.<\/p>\n\n\n\n<p>O defensor p\u00fablico do estado, Alfredo Nikolaus, que est\u00e1 acompanhando a reintegra\u00e7\u00e3o, disse que as fam\u00edlias s\u00e3o de extrema vulnerabilidade social.<\/p>\n\n\n\n<p>A vice-governadora, Eliane Aquino, criticou a a\u00e7\u00e3o atrav\u00e9s das redes sociais e disse que a Assist\u00eancia Social do estado n\u00e3o foi notificada, mas que uma equipe do \u00f3rg\u00e3o foi at\u00e9 o local. &#8220;Em \u00faltimo caso, pela necessidade do cumprimento de ordem judicial, deveria ter ocorrido um trabalho conjunto entre diversas frentes do poder p\u00fablico que assegurasse, pelo menos, que todas as pessoas fossem testadas&#8221;.<\/p>\n\n\n\n<p>A Prefeitura da capital informou que est\u00e1 realizando um levantamento para dar suporte \u00e0s fam\u00edlias.<\/p>\n\n\n\n<p>\u201cEsse pr\u00e9dio est\u00e1 h\u00e1 mais de seis anos abandonado, com R$ 12 milh\u00f5es de d\u00edvida ao nosso estado. E quando a gente resolve dar uma fun\u00e7\u00e3o social, sofremos em seis meses duas reintegra\u00e7\u00f5es de posse. Uma foi derrubada. Esse mandado do nada acontece num final de semana, antes das 6h da manh\u00e3. Isso \u00e9 ilegal. O pr\u00f3prio Minist\u00e9rio P\u00fablico deferiu que \u00e9 proibido fazer despejo. N\u00e3o houve nenhuma negocia\u00e7\u00e3o. Nossos advogados foram impedidos de entrar no espa\u00e7o\u201d, disse o coordenador estadual do MLB, Thiago Bezerra.<\/p>\n\n\n\n<p>No dia 13 de maio, representantes da ocupa\u00e7\u00e3o chegaram a fazer manifesta\u00e7\u00f5es na C\u00e2mara de Aracaju e na Avenida Ivo do Prado reivindicando moradia.<\/p>\n\n\n\n<p><em>Quer receber as principais not\u00edcias do&nbsp;<strong>SE Not\u00edcias<\/strong>&nbsp;no seu&nbsp;<strong>WhatsApp?<\/strong>&nbsp;<strong><a href=\"https:\/\/api.whatsapp.com\/send?phone=5579991715289\">Clique aqui<\/a><\/strong>.<\/em><\/p>\n\n\n\n<p><strong><em>Acompanhe tamb\u00e9m o SE Not\u00edcias no\u00a0<a rel=\"noreferrer noopener\" href=\"https:\/\/twitter.com\/Senoticias\" target=\"_blank\">Twitter<\/a>,\u00a0<a rel=\"noreferrer noopener\" href=\"https:\/\/www.facebook.com\/senoticias1\" target=\"_blank\">Facebook<\/a>\u00a0e no\u00a0<a rel=\"noreferrer noopener\" href=\"https:\/\/www.instagram.com\/senoticias\/\" target=\"_blank\">Instagram<\/a><\/em><\/strong>.<\/p>\n\n\n\n<p>Fonte: <a href=\"https:\/\/g1.globo.com\/se\/sergipe\/noticia\/2021\/05\/23\/reintegracao-de-posse-ocorre-em-predio-na-avenida-ivo-do-prado-em-aracaju.ghtml\">G1<\/a> SE<\/p>\n","protected":false},"excerpt":{"rendered":"<p>Uma reintegra\u00e7\u00e3o de posse est\u00e1 sendo realizada pela Pol\u00edcia Militar (PM) desde \u00e0s 6h da manh\u00e3 deste domingo (23), em um pr\u00e9dio localizado na Avenida Ivo do Prado, na Regi\u00e3o Central de Aracaju, que abriga 71 pessoas da Ocupa\u00e7\u00e3o Jo\u00e3o Mulungu, de acordo com o Movimento de Luta nos Bairros, Vilas e Favelas (MLB). A [&hellip;]<\/p>\n","protected":false},"author":6552,"featured_media":0,"comment_status":"closed","ping_status":"closed","sticky":false,"template":"","format":"standard","meta":{"footnotes":""},"categories":[15,6],"tags":[34277,34279,34278,7036,34280],"class_list":{"0":"post-128126","1":"post","2":"type-post","3":"status-publish","4":"format-standard","6":"category-destaques","7":"category-politica","8":"tag-mlb","9":"tag-movimento-de-luta-nos-bairros","10":"tag-ocupacao-joao-mulungu","11":"tag-reintegracao-de-posse","12":"tag-vilas-e-favelas"},"_links":{"self":[{"href":"https:\/\/senoticias.com.br\/se\/wp-json\/wp\/v2\/posts\/128126"}],"collection":[{"href":"https:\/\/senoticias.com.br\/se\/wp-json\/wp\/v2\/posts"}],"about":[{"href":"https:\/\/senoticias.com.br\/se\/wp-json\/wp\/v2\/types\/post"}],"author":[{"embeddable":true,"href":"https:\/\/senoticias.com.br\/se\/wp-json\/wp\/v2\/users\/6552"}],"replies":[{"embeddable":true,"href":"https:\/\/senoticias.com.br\/se\/wp-json\/wp\/v2\/comments?post=128126"}],"version-history":[{"count":0,"href":"https:\/\/senoticias.com.br\/se\/wp-json\/wp\/v2\/posts\/128126\/revisions"}],"wp:attachment":[{"href":"https:\/\/senoticias.com.br\/se\/wp-json\/wp\/v2\/media?parent=128126"}],"wp:term":[{"taxonomy":"category","embeddable":true,"href":"https:\/\/senoticias.com.br\/se\/wp-json\/wp\/v2\/categories?post=128126"},{"taxonomy":"post_tag","embeddable":true,"href":"https:\/\/senoticias.com.br\/se\/wp-json\/wp\/v2\/tags?post=128126"}],"curies":[{"name":"wp","href":"https:\/\/api.w.org\/{rel}","templated":true}]}}