{"id":128093,"date":"2021-05-19T18:49:09","date_gmt":"2021-05-19T21:49:09","guid":{"rendered":"https:\/\/senoticias.com.br\/se\/?p=128093"},"modified":"2021-05-19T18:49:44","modified_gmt":"2021-05-19T21:49:44","slug":"justica-nega-pedido-do-sintese-e-aulas-presenciais-podem-retornar-gradativamente","status":"publish","type":"post","link":"https:\/\/senoticias.com.br\/se\/justica-nega-pedido-do-sintese-e-aulas-presenciais-podem-retornar-gradativamente\/","title":{"rendered":"Justi\u00e7a nega pedido do Sintese e aulas presenciais podem retornar gradativamente"},"content":{"rendered":"\n<p><\/p>\n\n\n\n<p>A Justi\u00e7a negou o pedido do Sindicato dos Trabalhadores em Educa\u00e7\u00e3o B\u00e1sica do Estado de Sergipe (Sintese) para suspens\u00e3o das aulas presenciais, logo o governo do estado est\u00e1 autorizado a manter as aulas presenciais da Educa\u00e7\u00e3o Infantil e dos primeiros e segundos anos do Ensino Fundamental, da Rede Estadual de Educa\u00e7\u00e3o. Os professores da rede estadual e dos munic\u00edpios sergipanos \u2014 exceto Aracaju \u2014 decidiram entrar em greve contra o retorno das aulas presenciais.<\/p>\n\n\n\n<figure class=\"wp-block-image size-large\"><img loading=\"lazy\" decoding=\"async\" width=\"400\" height=\"268\" src=\"https:\/\/senoticias.com.br\/se\/wp-content\/uploads\/2016\/03\/1-grau.jpg\" alt=\"\" class=\"wp-image-89514\" srcset=\"https:\/\/senoticias.com.br\/se\/wp-content\/uploads\/2016\/03\/1-grau.jpg 400w, https:\/\/senoticias.com.br\/se\/wp-content\/uploads\/2016\/03\/1-grau-300x201.jpg 300w, https:\/\/senoticias.com.br\/se\/wp-content\/uploads\/2016\/03\/1-grau-342x229.jpg 342w\" sizes=\"(max-width: 400px) 100vw, 400px\" \/><figcaption>A Justi\u00e7a negou o pedido do Sindicato dos Trabalhadores em Educa\u00e7\u00e3o B\u00e1sica do Estado de Sergipe<\/figcaption><\/figure>\n\n\n\n<p>De acordo com a decis\u00e3o do juiz, Marcos de Oliveira Pinto, o processo h\u00e1 car\u00eancia de evid\u00eancia cient\u00edfica que justifique o impedimento ao retorno das aulas presenciais, sem qualquer demonstra\u00e7\u00e3o efetiva de que os ambientes, por si s\u00f3, sejam os respons\u00e1veis pelo agravamento do risco de contamina\u00e7\u00e3o.<\/p>\n\n\n\n<p>A a\u00e7\u00e3o ressalta ainda que \u201co Estado de Sergipe, por meio dos documentos acostado \u00e0 sua manifesta\u00e7\u00e3o preliminar, demonstrou a exist\u00eancia de estudos e estrat\u00e9gias de prepara\u00e7\u00e3o para o retorno das aulas presenciais nas escolas da rede p\u00fablica estadual, bem como a inje\u00e7\u00e3o de recursos financeiros direcionados \u00e0 prepara\u00e7\u00e3o das escolas para a retomada\u201d.<\/p>\n\n\n\n<p>Ainda segundo a decis\u00e3o, n\u00e3o se pode atribuir apenas ao ambiente escolar a curva de cont\u00e1gio, como tamb\u00e9m n\u00e3o se pode ignorar a agenda da Educa\u00e7\u00e3o, tratando-a como se n\u00e3o fosse um servi\u00e7o essencial.<\/p>\n\n\n\n<p>Em nota, o vice-presidente do Sintese, Roberto Silva, afirmou que a greve dos professores da rede p\u00fablica de Sergipe continua \u201cVamos seguir em greve. A decis\u00e3o da justi\u00e7a serve para provar que at\u00e9 o momento o Governo do Estado de Sergipe n\u00e3o apresentou nenhum estudo cient\u00edfico que mostre que \u00e9 segura o retorna \u00e0s aulas presencias em nosso estado. A decis\u00e3o do Governo de retomar \u00e0s aulas presencias n\u00e3o tem qualquer base t\u00e9cnico-cient\u00edfica, por isso repudiamos veementemente essa postura do Governo Belivaldo\u201d, disse.<\/p>\n\n\n\n<p><em>Quer receber as principais not\u00edcias do&nbsp;<strong>SE Not\u00edcias<\/strong>&nbsp;no seu&nbsp;<strong>WhatsApp?<\/strong>&nbsp;<strong><a href=\"https:\/\/api.whatsapp.com\/send?phone=5579991715289\">Clique aqui<\/a><\/strong>.<\/em><\/p>\n\n\n\n<p><strong><em>Acompanhe tamb\u00e9m o SE Not\u00edcias no\u00a0<a rel=\"noreferrer noopener\" href=\"https:\/\/twitter.com\/Senoticias\" target=\"_blank\">Twitter<\/a>,\u00a0<a rel=\"noreferrer noopener\" href=\"https:\/\/www.facebook.com\/senoticias1\" target=\"_blank\">Facebook<\/a>\u00a0e no\u00a0<a rel=\"noreferrer noopener\" href=\"https:\/\/www.instagram.com\/senoticias\/\" target=\"_blank\">Instagram<\/a><\/em><\/strong>.<\/p>\n\n\n\n<p>Fonte: G1 SE<\/p>\n","protected":false},"excerpt":{"rendered":"<p>A Justi\u00e7a negou o pedido do Sindicato dos Trabalhadores em Educa\u00e7\u00e3o B\u00e1sica do Estado de Sergipe (Sintese) para suspens\u00e3o das aulas presenciais, logo o governo do estado est\u00e1 autorizado a manter as aulas presenciais da Educa\u00e7\u00e3o Infantil e dos primeiros e segundos anos do Ensino Fundamental, da Rede Estadual de Educa\u00e7\u00e3o. Os professores da rede [&hellip;]<\/p>\n","protected":false},"author":6552,"featured_media":0,"comment_status":"closed","ping_status":"closed","sticky":false,"template":"","format":"standard","meta":{"footnotes":""},"categories":[15,6,1],"tags":[34258,15804,677],"class_list":{"0":"post-128093","1":"post","2":"type-post","3":"status-publish","4":"format-standard","6":"category-destaques","7":"category-politica","8":"category-sem-categoria","9":"tag-aulas-presenciais-podem-retornar","10":"tag-retorno-das-aulas","11":"tag-sintese"},"_links":{"self":[{"href":"https:\/\/senoticias.com.br\/se\/wp-json\/wp\/v2\/posts\/128093"}],"collection":[{"href":"https:\/\/senoticias.com.br\/se\/wp-json\/wp\/v2\/posts"}],"about":[{"href":"https:\/\/senoticias.com.br\/se\/wp-json\/wp\/v2\/types\/post"}],"author":[{"embeddable":true,"href":"https:\/\/senoticias.com.br\/se\/wp-json\/wp\/v2\/users\/6552"}],"replies":[{"embeddable":true,"href":"https:\/\/senoticias.com.br\/se\/wp-json\/wp\/v2\/comments?post=128093"}],"version-history":[{"count":0,"href":"https:\/\/senoticias.com.br\/se\/wp-json\/wp\/v2\/posts\/128093\/revisions"}],"wp:attachment":[{"href":"https:\/\/senoticias.com.br\/se\/wp-json\/wp\/v2\/media?parent=128093"}],"wp:term":[{"taxonomy":"category","embeddable":true,"href":"https:\/\/senoticias.com.br\/se\/wp-json\/wp\/v2\/categories?post=128093"},{"taxonomy":"post_tag","embeddable":true,"href":"https:\/\/senoticias.com.br\/se\/wp-json\/wp\/v2\/tags?post=128093"}],"curies":[{"name":"wp","href":"https:\/\/api.w.org\/{rel}","templated":true}]}}