{"id":128071,"date":"2021-05-18T17:51:36","date_gmt":"2021-05-18T20:51:36","guid":{"rendered":"https:\/\/senoticias.com.br\/se\/?p=128071"},"modified":"2021-05-18T18:01:44","modified_gmt":"2021-05-18T21:01:44","slug":"sergipe-recebe-lote-com-mais-de-60-mil-doses-da-astrazeneca","status":"publish","type":"post","link":"https:\/\/senoticias.com.br\/se\/sergipe-recebe-lote-com-mais-de-60-mil-doses-da-astrazeneca\/","title":{"rendered":"Sergipe recebe lote com mais de 60 mil doses da Astrazeneca"},"content":{"rendered":"\n<p>O Estado de Sergipe recebeu na tarde desta ter\u00e7a-feira, 18, uma nova remessa da vacina contra a Covid-19. S\u00e3o 60.100 doses do laborat\u00f3rio da Fiocruz que ser\u00e3o destinadas para a primeira e segunda dose dos grupos priorit\u00e1rios: pessoas com comorbidades e pessoas com defici\u00eancia, devendo contemplar tamb\u00e9m a segunda dose para idosos com 60+.<\/p>\n\n\n\n<figure class=\"wp-block-image size-large\"><img loading=\"lazy\" decoding=\"async\" width=\"1024\" height=\"771\" src=\"https:\/\/senoticias.com.br\/se\/wp-content\/uploads\/2021\/05\/05b022c4-f974-4799-bdc7-59c217452c85-1024x771.jpg\" alt=\"\" class=\"wp-image-128072\"\/><figcaption>Sergipe recebe doses da AstraZeneca para refor\u00e7o na vacina\u00e7\u00e3o &#8211; Foto: Valter Sobrinho &#8211; Foto: Valter Sobrinho\/SES<\/figcaption><\/figure>\n\n\n\n<p>O novo lote contendo os imunizantes passou pelo protocolo de checagem e armazenamento no Centro Administrativo da Sa\u00fade (SES). As doses da vacina come\u00e7am a ser distribu\u00eddas para as regionais de sa\u00fade, no s\u00e1bado (22), conforme deliberado pelos munic\u00edpios, em reuni\u00e3o do Conselho dos secret\u00e1rios de sa\u00fade. Com mais essa remessa Sergipe j\u00e1 recebeu, do Minist\u00e9rio da Sa\u00fade, 852.690 doses de vacinas contra a Covid-19.<\/p>\n\n\n\n<p>Segundo uma pesquisa do site Poder 360, Sergipe \u00e9 o terceiro Estado mais \u00e1gil do pa\u00eds na log\u00edstica de distribui\u00e7\u00e3o e aplica\u00e7\u00e3o das vacinas. A m\u00e9dia nos munic\u00edpios brasileiros \u00e9 de 17,8 dias. J\u00e1 os munic\u00edpios sergipanos levam, em m\u00e9dia, quase 14 dias para aplicar as vacinas contra a Covid-19 que foram enviadas pelo governo federal.<\/p>\n\n\n\n<p><strong>Pfizer<\/strong><\/p>\n\n\n\n<p>De acordo com informa\u00e7\u00f5es do Minist\u00e9rio da Sa\u00fade, nesta quarta-feira, 19, Sergipe receber\u00e1 um novo lote contendo 7.020 vacinas da Pfizer que ser\u00e3o destinadas \u00e0 primeira dose.<\/p>\n\n\n\n<p><em>Quer receber as principais not\u00edcias do&nbsp;<strong>SE Not\u00edcias<\/strong>&nbsp;no seu&nbsp;<strong>WhatsApp?<\/strong>&nbsp;<strong><a href=\"https:\/\/api.whatsapp.com\/send?phone=5579991715289\">Clique aqui<\/a><\/strong>.<\/em><\/p>\n\n\n\n<p><strong><em>Acompanhe tamb\u00e9m o SE Not\u00edcias no\u00a0<a rel=\"noreferrer noopener\" href=\"https:\/\/twitter.com\/Senoticias\" target=\"_blank\">Twitter<\/a>,\u00a0<a rel=\"noreferrer noopener\" href=\"https:\/\/www.facebook.com\/senoticias1\" target=\"_blank\">Facebook<\/a>\u00a0e no\u00a0<a rel=\"noreferrer noopener\" href=\"https:\/\/www.instagram.com\/senoticias\/\" target=\"_blank\">Instagram<\/a><\/em><\/strong>.<\/p>\n\n\n\n<p>Fonte: Ag\u00eancia Sergipe de Not\u00edcias<\/p>\n","protected":false},"excerpt":{"rendered":"<p>O Estado de Sergipe recebeu na tarde desta ter\u00e7a-feira, 18, uma nova remessa da vacina contra a Covid-19. S\u00e3o 60.100 doses do laborat\u00f3rio da Fiocruz que ser\u00e3o destinadas para a primeira e segunda dose dos grupos priorit\u00e1rios: pessoas com comorbidades e pessoas com defici\u00eancia, devendo contemplar tamb\u00e9m a segunda dose para idosos com 60+. O [&hellip;]<\/p>\n","protected":false},"author":6552,"featured_media":128072,"comment_status":"closed","ping_status":"closed","sticky":false,"template":"","format":"standard","meta":{"footnotes":""},"categories":[15,1],"tags":[34247,14279,448,14369,16586],"class_list":{"0":"post-128071","1":"post","2":"type-post","3":"status-publish","4":"format-standard","5":"has-post-thumbnail","7":"category-destaques","8":"category-sem-categoria","9":"tag-astrazeneca","10":"tag-covid19","11":"tag-governo-de-sergipe","12":"tag-pandemia","13":"tag-vacina-astrazeneca"},"_links":{"self":[{"href":"https:\/\/senoticias.com.br\/se\/wp-json\/wp\/v2\/posts\/128071"}],"collection":[{"href":"https:\/\/senoticias.com.br\/se\/wp-json\/wp\/v2\/posts"}],"about":[{"href":"https:\/\/senoticias.com.br\/se\/wp-json\/wp\/v2\/types\/post"}],"author":[{"embeddable":true,"href":"https:\/\/senoticias.com.br\/se\/wp-json\/wp\/v2\/users\/6552"}],"replies":[{"embeddable":true,"href":"https:\/\/senoticias.com.br\/se\/wp-json\/wp\/v2\/comments?post=128071"}],"version-history":[{"count":0,"href":"https:\/\/senoticias.com.br\/se\/wp-json\/wp\/v2\/posts\/128071\/revisions"}],"wp:featuredmedia":[{"embeddable":true,"href":"https:\/\/senoticias.com.br\/se\/wp-json\/wp\/v2\/media\/128072"}],"wp:attachment":[{"href":"https:\/\/senoticias.com.br\/se\/wp-json\/wp\/v2\/media?parent=128071"}],"wp:term":[{"taxonomy":"category","embeddable":true,"href":"https:\/\/senoticias.com.br\/se\/wp-json\/wp\/v2\/categories?post=128071"},{"taxonomy":"post_tag","embeddable":true,"href":"https:\/\/senoticias.com.br\/se\/wp-json\/wp\/v2\/tags?post=128071"}],"curies":[{"name":"wp","href":"https:\/\/api.w.org\/{rel}","templated":true}]}}