{"id":128068,"date":"2021-05-18T11:53:21","date_gmt":"2021-05-18T14:53:21","guid":{"rendered":"https:\/\/senoticias.com.br\/se\/?p=128068"},"modified":"2021-05-18T12:09:43","modified_gmt":"2021-05-18T15:09:43","slug":"ufs-identifica-caso-de-sindrome-de-guillain-barre-associada-a-covid-19-em-aracaju","status":"publish","type":"post","link":"https:\/\/senoticias.com.br\/se\/ufs-identifica-caso-de-sindrome-de-guillain-barre-associada-a-covid-19-em-aracaju\/","title":{"rendered":"UFS identifica caso de s\u00edndrome de Guillain-Barr\u00e9 associada \u00e0 covid-19 em Aracaju"},"content":{"rendered":"\n<p>Pesquisadores da Universidade Federal de Sergipe (UFS) divulgaram nesta segunda-feira (17) a descoberta de um caso de paciente com Covid-19 que teria desenvolvido a s\u00edndrome de Guillain-Barr\u00e9. Esse \u00e9 o primeiro relato cient\u00edfico no qual o material gen\u00e9tico do Sars-CoV-2 foi identificado do fluido cerebroespinhal.<\/p>\n\n\n\n<figure class=\"wp-block-image size-large\"><img loading=\"lazy\" decoding=\"async\" width=\"708\" height=\"393\" src=\"https:\/\/senoticias.com.br\/se\/wp-content\/uploads\/2021\/05\/Novo-virus-SE-Noticias.jpg\" alt=\"\" class=\"wp-image-128069\" srcset=\"https:\/\/senoticias.com.br\/se\/wp-content\/uploads\/2021\/05\/Novo-virus-SE-Noticias.jpg 708w, https:\/\/senoticias.com.br\/se\/wp-content\/uploads\/2021\/05\/Novo-virus-SE-Noticias-300x167.jpg 300w\" sizes=\"(max-width: 708px) 100vw, 708px\" \/><figcaption>Sars CoV-2, o novo coronav\u00edrus causador da Covid-19 \u2014 Foto: Mayo Clinic\/Arquivo<\/figcaption><\/figure>\n\n\n\n<p>A doen\u00e7a afeta o sistema nervoso e apresenta sintomas como a perda de for\u00e7a que come\u00e7a em membros inferiores. A s\u00edndrome ocorre quando o pr\u00f3prio sistema de defesa do corpo ataca os nervos perif\u00e9ricos.<\/p>\n\n\n\n<p>O estudo foi divulgado no dia 15 de maio na revista cient\u00edfica \u2018The Pediatric Infectious Disease Journal\u2019, da Sociedade Europ\u00e9ia de Doen\u00e7as Infecciosas Pedi\u00e1tricas, atribuindo \u00e0 pesquisa a primeira identifica\u00e7\u00e3o do tipo do mundo.<\/p>\n\n\n\n<p>Segundo a pesquisa, a descoberta ocorreu ap\u00f3s an\u00e1lise do RNA de uma paciente de 17 anos, moradora de Aracaju, que aparentava complica\u00e7\u00e3o neurol\u00f3gica.<\/p>\n\n\n\n<p>\u201cAlguns casos dessa doen\u00e7a rara t\u00eam sido diagnosticados em pessoas com Covid-19 em todo o mundo, mas o entendimento at\u00e9 o momento \u00e9 de que a patog\u00eanese desta condi\u00e7\u00e3o neurol\u00f3gica quando associada \u00e0 Covid-19 era apenas imunomediada. Este estudo acrescenta informa\u00e7\u00f5es importantes sobre a forma como o novo coronav\u00edrus pode levar a altera\u00e7\u00f5es importantes no sistema nervoso\u201d, disse o coordenador da publica\u00e7\u00e3o e chefe do laborat\u00f3rio de Patologia Investigativa da UFS, professor Paulo Ricardo Martins Filho.<\/p>\n\n\n\n<p>No caso relatado na publica\u00e7\u00e3o, o intervalo entre o in\u00edcio dos sintomas da infec\u00e7\u00e3o causada pela Covid-19 e o surgimento de condi\u00e7\u00f5es neurol\u00f3gicas provocadas pela Guillain-Barr\u00e9 foi de apenas uma semana, ocorrida no m\u00eas de fevereiro.<\/p>\n\n\n\n<p>Segundo a UFS, at\u00e9 a publica\u00e7\u00e3o do estudo, os pesquisadores levantaram 42 casos de pacientes com a s\u00edndrome rara associada \u00e0 Covid-19 no mundo. Por\u00e9m, diferentemente do caso relatado em Sergipe, os 25 pacientes submetidos \u00e0 coleta do l\u00edquor tiveram o resultado negativo quanto \u00e0 presen\u00e7a do material gen\u00e9tico do Sars-CoV-2 no l\u00edquido cerebroespinhal.<\/p>\n\n\n\n<p>A m\u00e9dica neurologista do Hospital Universit\u00e1rio de Aracaju e pesquisadora, Lis Campos Ferreira, disse que a paciente j\u00e1 teve alta e est\u00e1 clinicamente muito melhor. \u201cAinda tem fraqueza muscular, mas j\u00e1 consegue andar sem ajuda. Continua em seguimento neurol\u00f3gico ambulatorial e reabilitando na fisioterapia\u201d. Ao todo, sete pesquisadores de Sergipe participaram do estudo.<\/p>\n\n\n\n<p><strong>Doen\u00e7a rara<\/strong><\/p>\n\n\n\n<p>Guillain-Barr\u00e9 \u00e9 um dist\u00farbio autoimune, no qual o sistema imunol\u00f3gico ataca os nervos do pr\u00f3prio corpo, tendo origem geralmente por uma infec\u00e7\u00e3o anterior \u00e0 s\u00edndrome. O risco provocado pela doen\u00e7a se eleva quando ocorre o acometimento dos m\u00fasculos respirat\u00f3rios, podendo levar a pessoa \u00e0 morte ao comprometer o funcionamento do cora\u00e7\u00e3o e dos pulm\u00f5es.<\/p>\n\n\n\n<p>H\u00e1 cinco anos, o Brasil sofreu um aumento expressivo no n\u00famero de diagn\u00f3sticos da doen\u00e7a por causa da associa\u00e7\u00e3o \u00e0 epidemia do zika v\u00edrus. Por\u00e9m, ainda n\u00e3o h\u00e1 registros oficiais sobre a incid\u00eancia da s\u00edndrome rara na popula\u00e7\u00e3o brasileira.<\/p>\n\n\n\n<p><em>Quer receber as principais not\u00edcias do&nbsp;<strong>SE Not\u00edcias<\/strong>&nbsp;no seu&nbsp;<strong>WhatsApp?<\/strong>&nbsp;<strong><a href=\"https:\/\/api.whatsapp.com\/send?phone=5579991715289\">Clique aqui<\/a><\/strong>.<\/em><\/p>\n\n\n\n<p><strong><em>Acompanhe tamb\u00e9m o SE Not\u00edcias no\u00a0<a rel=\"noreferrer noopener\" href=\"https:\/\/twitter.com\/Senoticias\" target=\"_blank\">Twitter<\/a>,\u00a0<a rel=\"noreferrer noopener\" href=\"https:\/\/www.facebook.com\/senoticias1\" target=\"_blank\">Facebook<\/a>\u00a0e no\u00a0<a rel=\"noreferrer noopener\" href=\"https:\/\/www.instagram.com\/senoticias\/\" target=\"_blank\">Instagram<\/a><\/em><\/strong>.<\/p>\n\n\n\n<p>Fonte: <strong>G1SE<\/strong><\/p>\n","protected":false},"excerpt":{"rendered":"<p>Pesquisadores da Universidade Federal de Sergipe (UFS) divulgaram nesta segunda-feira (17) a descoberta de um caso de paciente com Covid-19 que teria desenvolvido a s\u00edndrome de Guillain-Barr\u00e9. Esse \u00e9 o primeiro relato cient\u00edfico no qual o material gen\u00e9tico do Sars-CoV-2 foi identificado do fluido cerebroespinhal. A doen\u00e7a afeta o sistema nervoso e apresenta sintomas como [&hellip;]<\/p>\n","protected":false},"author":6557,"featured_media":0,"comment_status":"closed","ping_status":"closed","sticky":false,"template":"","format":"standard","meta":{"footnotes":""},"categories":[15,6,1],"tags":[14270,34246,14369,34245],"class_list":{"0":"post-128068","1":"post","2":"type-post","3":"status-publish","4":"format-standard","6":"category-destaques","7":"category-politica","8":"category-sem-categoria","9":"tag-covid-19","10":"tag-guillain-barre","11":"tag-pandemia","12":"tag-sindrome-de-guillain-barre"},"_links":{"self":[{"href":"https:\/\/senoticias.com.br\/se\/wp-json\/wp\/v2\/posts\/128068"}],"collection":[{"href":"https:\/\/senoticias.com.br\/se\/wp-json\/wp\/v2\/posts"}],"about":[{"href":"https:\/\/senoticias.com.br\/se\/wp-json\/wp\/v2\/types\/post"}],"author":[{"embeddable":true,"href":"https:\/\/senoticias.com.br\/se\/wp-json\/wp\/v2\/users\/6557"}],"replies":[{"embeddable":true,"href":"https:\/\/senoticias.com.br\/se\/wp-json\/wp\/v2\/comments?post=128068"}],"version-history":[{"count":0,"href":"https:\/\/senoticias.com.br\/se\/wp-json\/wp\/v2\/posts\/128068\/revisions"}],"wp:attachment":[{"href":"https:\/\/senoticias.com.br\/se\/wp-json\/wp\/v2\/media?parent=128068"}],"wp:term":[{"taxonomy":"category","embeddable":true,"href":"https:\/\/senoticias.com.br\/se\/wp-json\/wp\/v2\/categories?post=128068"},{"taxonomy":"post_tag","embeddable":true,"href":"https:\/\/senoticias.com.br\/se\/wp-json\/wp\/v2\/tags?post=128068"}],"curies":[{"name":"wp","href":"https:\/\/api.w.org\/{rel}","templated":true}]}}