{"id":128049,"date":"2021-05-17T08:57:15","date_gmt":"2021-05-17T11:57:15","guid":{"rendered":"https:\/\/senoticias.com.br\/se\/?p=128049"},"modified":"2021-05-17T09:03:52","modified_gmt":"2021-05-17T12:03:52","slug":"vereador-professor-bittencourt-lanca-campanha-de-combate-a-lgbtqifobia","status":"publish","type":"post","link":"https:\/\/senoticias.com.br\/se\/vereador-professor-bittencourt-lanca-campanha-de-combate-a-lgbtqifobia\/","title":{"rendered":"Vereador Professor Bittencourt lan\u00e7a campanha de combate \u00e0 LGBTQIFobia"},"content":{"rendered":"\n<p>Com o slogan: \u201c<strong>Por uma Aracaju sem<\/strong> <strong>LGBTQIFobia<\/strong>\u201d, o vereador Professor Bittencourt (PCdoB) lan\u00e7a nesta segunda-feira, 17, uma campanha de combate \u00e0 <strong>LGBTQIFobia<\/strong>. A campanha \u00e9 virtual e ir\u00e1 circular nas redes sociais do parlamentar durante a semana que marca o Dia Internacional de Combate \u00e0 LGBTQIFobia.<\/p>\n\n\n\n<figure class=\"wp-block-image size-large\"><img loading=\"lazy\" decoding=\"async\" width=\"589\" height=\"589\" src=\"https:\/\/senoticias.com.br\/se\/wp-content\/uploads\/2021\/05\/LGBTQIFobia-SE-noticias.jpeg\" alt=\"\" class=\"wp-image-128051\" srcset=\"https:\/\/senoticias.com.br\/se\/wp-content\/uploads\/2021\/05\/LGBTQIFobia-SE-noticias.jpeg 589w, https:\/\/senoticias.com.br\/se\/wp-content\/uploads\/2021\/05\/LGBTQIFobia-SE-noticias-300x300.jpeg 300w, https:\/\/senoticias.com.br\/se\/wp-content\/uploads\/2021\/05\/LGBTQIFobia-SE-noticias-150x150.jpeg 150w\" sizes=\"(max-width: 589px) 100vw, 589px\" \/><figcaption>Parlamentar lan\u00e7a <strong>campanha de combate \u00e0 LGBTQIFobia<\/strong><\/figcaption><\/figure>\n\n\n\n<p>A campanha \u00e9 uma iniciativa do mandato do parlamentar e tem a proposta de conscientizar a popula\u00e7\u00e3o Aracajuana e, at\u00e9 onde o mandato alcan\u00e7ar, para o respeito aos direitos das livres orienta\u00e7\u00f5es sexuais e identidades de g\u00eaneros, e com isso, alertar que LGBTQIFobia \u00e9 crime.<\/p>\n\n\n\n<p>\u201cUma campanha dessa natureza \u00e9 muito importante, porque precisamos combater toda forma de discrimina\u00e7\u00e3o, preconceito e intoler\u00e2ncia, e parte desse preconceito, intoler\u00e2ncia e viol\u00eancia \u00e9 direcionada \u00e0 comunidade LGBTQIA+. Todos aqueles que pregam em favor da constitui\u00e7\u00e3o de um mundo fraterno, com mais igualdade, justi\u00e7a social e respeito devem, sem d\u00favidas nenhuma, abra\u00e7ar e levantar a bandeira em favor do fim de qualquer discrimina\u00e7\u00e3o LGBTQIA+\u201d.<\/p>\n\n\n\n<p>\u201cUm mundo melhor \u00e9 um mundo livre de todas as fobias, intoler\u00e2ncias e todas as viol\u00eancias. O m\u00ednimo que o meu mandato pode fazer \u00e9 emprestar a representatividade desse mandato, ter empatia, defender e fortalecer a luta dessa causa\u201d, destacou o parlamentar.<\/p>\n\n\n\n<p>Para o cabeleireiro Anflisio Gomes, um dos modelos da campanha, o dia 17 de maio tem um marco especial. \u201cO dia 17 de maio \u00e9 muito importante para que possamos ser respeitados e mais aceitos na sociedade. Fazer parte dessa campanha \u00e9 muito importante porque eu sei que realmente tem algu\u00e9m que busca a visibilidade e mais respeito para a nossa comunidade\u201d, destacou.<\/p>\n\n\n\n<p>A estudante Shirley Jesus tamb\u00e9m participou da campanha e destacou que essa \u00e9 uma forma de defender a sua bandeira. \u201cEssa \u00e9 uma das primeiras campanhas que participo e \u00e9 muito importante, porque al\u00e9m da visibilidade \u00e9 uma forma de defender a nossa bandeira e lutar por mais respeito para todos\u201d, declarou.<\/p>\n\n\n\n<p><strong>Dia Internacional de Combate \u00e0 LGBTQIFobia:<\/strong><\/p>\n\n\n\n<p>O dia 17 de maio \u00e9 conhecido mundialmente como o Dia Internacional de Combate \u00e0 LGBTQIfobia. A data ficou marcada pela retirada do termo homossexualismo da Classifica\u00e7\u00e3o Internacional de Doen\u00e7as pela Organiza\u00e7\u00e3o Mundial da Sa\u00fade, em 1990. Desde ent\u00e3o, o dia passou a ser s\u00edmbolo da luta por direitos humanos, diversidade sexual e contra o preconceito, viol\u00eancia e intoler\u00e2ncia.<\/p>\n\n\n\n<p><em>Quer receber as principais not\u00edcias do&nbsp;<strong>SE Not\u00edcias<\/strong>&nbsp;no seu&nbsp;<strong>WhatsApp?<\/strong>&nbsp;<strong><a href=\"https:\/\/api.whatsapp.com\/send?phone=5579991715289\">Clique aqui<\/a><\/strong>.<\/em><\/p>\n\n\n\n<p><strong><em>Acompanhe tamb\u00e9m o SE Not\u00edcias no&nbsp;<a rel=\"noreferrer noopener\" href=\"https:\/\/twitter.com\/Senoticias\" target=\"_blank\">Twitter<\/a>,&nbsp;<a rel=\"noreferrer noopener\" href=\"https:\/\/www.facebook.com\/senoticias1\" target=\"_blank\">Facebook<\/a>&nbsp;e no&nbsp;<a rel=\"noreferrer noopener\" href=\"https:\/\/www.instagram.com\/senoticias\/\" target=\"_blank\">Instagram<\/a><\/em><\/strong>.<\/p>\n\n\n\n<p>Por David Rodrigues, da assessoria de comunica\u00e7\u00e3o<\/p>\n","protected":false},"excerpt":{"rendered":"<p>Com o slogan: \u201cPor uma Aracaju sem LGBTQIFobia\u201d, o vereador Professor Bittencourt (PCdoB) lan\u00e7a nesta segunda-feira, 17, uma campanha de combate \u00e0 LGBTQIFobia. A campanha \u00e9 virtual e ir\u00e1 circular nas redes sociais do parlamentar durante a semana que marca o Dia Internacional de Combate \u00e0 LGBTQIFobia. A campanha \u00e9 uma iniciativa do mandato do [&hellip;]<\/p>\n","protected":false},"author":6552,"featured_media":0,"comment_status":"closed","ping_status":"closed","sticky":false,"template":"","format":"standard","meta":{"footnotes":""},"categories":[15,1,8],"tags":[34241,13808,16657],"class_list":{"0":"post-128049","1":"post","2":"type-post","3":"status-publish","4":"format-standard","6":"category-destaques","7":"category-sem-categoria","8":"category-esporte-e-cultura","9":"tag-lgbtqifobia","10":"tag-professor-bittencourt","11":"tag-vereador-professor-bittencourt"},"_links":{"self":[{"href":"https:\/\/senoticias.com.br\/se\/wp-json\/wp\/v2\/posts\/128049"}],"collection":[{"href":"https:\/\/senoticias.com.br\/se\/wp-json\/wp\/v2\/posts"}],"about":[{"href":"https:\/\/senoticias.com.br\/se\/wp-json\/wp\/v2\/types\/post"}],"author":[{"embeddable":true,"href":"https:\/\/senoticias.com.br\/se\/wp-json\/wp\/v2\/users\/6552"}],"replies":[{"embeddable":true,"href":"https:\/\/senoticias.com.br\/se\/wp-json\/wp\/v2\/comments?post=128049"}],"version-history":[{"count":0,"href":"https:\/\/senoticias.com.br\/se\/wp-json\/wp\/v2\/posts\/128049\/revisions"}],"wp:attachment":[{"href":"https:\/\/senoticias.com.br\/se\/wp-json\/wp\/v2\/media?parent=128049"}],"wp:term":[{"taxonomy":"category","embeddable":true,"href":"https:\/\/senoticias.com.br\/se\/wp-json\/wp\/v2\/categories?post=128049"},{"taxonomy":"post_tag","embeddable":true,"href":"https:\/\/senoticias.com.br\/se\/wp-json\/wp\/v2\/tags?post=128049"}],"curies":[{"name":"wp","href":"https:\/\/api.w.org\/{rel}","templated":true}]}}