{"id":128018,"date":"2021-05-14T17:23:46","date_gmt":"2021-05-14T20:23:46","guid":{"rendered":"https:\/\/senoticias.com.br\/se\/?p=128018"},"modified":"2021-05-14T20:39:34","modified_gmt":"2021-05-14T23:39:34","slug":"tecnico-tite-convoca-selecao-para-enfrentar-equador-e-paraguai-pelas-eliminatorias","status":"publish","type":"post","link":"https:\/\/senoticias.com.br\/se\/tecnico-tite-convoca-selecao-para-enfrentar-equador-e-paraguai-pelas-eliminatorias\/","title":{"rendered":"T\u00e9cnico Tite convoca sele\u00e7\u00e3o para enfrentar Equador e Paraguai pelas Eliminat\u00f3rias"},"content":{"rendered":"\n<p><\/p>\n\n\n\n<p>O t\u00e9cnico Tite anunciou nesta sexta-feira (14) os convocados da Sele\u00e7\u00e3o Brasileira para os jogos contra o Equador e Paraguai, v\u00e1lidos pelas Eliminat\u00f3rias Sul-americana da Copa do Mundo do Catar, em 2022. Entre as novidades, est\u00e1 o zagueiro Lucas Ver\u00edssimo, atualmente no Benfica, de Portugal. A primeira partida ser\u00e1 disputada no dia 4 de junho, no Beira-Rio, em Porto Alegre e, em seguida, os brasileiros v\u00e3o visitar os paraguaios, na capital Assun\u00e7\u00e3o, em 8 de junho. Ser\u00e3o os dois \u00faltimos confrontos da sele\u00e7\u00e3o antes da Copa Am\u00e9rica, programada para o per\u00edodo de 13 a 20 de julho.<\/p>\n\n\n\n<figure class=\"wp-block-image size-large\"><img loading=\"lazy\" decoding=\"async\" width=\"591\" height=\"354\" src=\"https:\/\/senoticias.com.br\/se\/wp-content\/uploads\/2021\/05\/Tecnico-Tite-SE-Noticias.jpeg\" alt=\"\" class=\"wp-image-128020\" srcset=\"https:\/\/senoticias.com.br\/se\/wp-content\/uploads\/2021\/05\/Tecnico-Tite-SE-Noticias.jpeg 591w, https:\/\/senoticias.com.br\/se\/wp-content\/uploads\/2021\/05\/Tecnico-Tite-SE-Noticias-300x180.jpeg 300w\" sizes=\"(max-width: 591px) 100vw, 591px\" \/><figcaption>Tite convoca sele\u00e7\u00e3o para enfrentar Equador e Paraguai &#8211; Foto: Lucas Figueiredo\/CBF<\/figcaption><\/figure>\n\n\n\n<p>Na rela\u00e7\u00e3o de Tite est\u00e3o somente tr\u00eas jogadores que atuam no futebol brasileiro: Gabigol e Everton Ribeiro, do Flamengo, e Daniel Alves, do S\u00e3o Paulo. A sele\u00e7\u00e3o lidera as Elimiant\u00f3rias Sul- Americanas, est\u00e1 com 100% de aproveitamento: venceu Bol\u00edvia, Peru, Venezuela e Uruguai, mas n\u00e3o joga desde o final de novembro do ano passado, em raz\u00e3o da pandemia do novo coronav\u00edrus. Sobe o longo intervalo desde a \u00faltima partida, Tite disse que o desafio \u00e9 repetir as boas atua\u00e7\u00f5es do grupo.<\/p>\n\n\n\n<p>&#8220;O momento \u00e9 de dificuldades das sele\u00e7\u00f5es e, mais ainda, de procurar ter contato humano com os altetas e repetir o desempenho, especificamente [o demonstrado] contra o Uruguai. E esse passao vai ser um desafio: primeiro o da retomada de um padr\u00e3o igual, de encontrar atletas que est\u00e3o nessas condi\u00e7\u00f5es melhores que \u00e9 o objetivo e a ess\u00eancia. Desempenho, resultado e seguir bem na classifica\u00e7\u00e3o&#8221;, afirmou o treinador.<\/p>\n\n\n\n<p><strong>Convocados<\/strong><\/p>\n\n\n\n<p><strong>GOLEIROS:<\/strong> Alisson &#8211; Liverpool (ING), Ederson &#8211; Manchester City (ING) Weverton &#8211; Palmeiras<\/p>\n\n\n\n<p><strong>LATERAIS<\/strong>: Daniel Alves &#8211; S\u00e3o Paulo, Danilo &#8211; Juventus (ITA),  Renan Lodi &#8211; Atl\u00e9tico de Madrid (ESP) e Alex Sandro &#8211; Juventus (ITA)<\/p>\n\n\n\n<p><strong>ZAGUEIROS<\/strong>: Thiago Silva &#8211; Chelsea (ING), Marquinhos &#8211; Paris Saint, Germain (FRA),  Lucas Ver\u00edssimo &#8211; Benfica (POR) e \u00c9der Milit\u00e3o &#8211; Real Madrid (ESP)<\/p>\n\n\n\n<p><strong>MEIAS<\/strong>: Casemiro &#8211; Real Madrid (ESP), Douglas Luiz &#8211; Aston Villa (ING), Fred &#8211; Manchester United (ING), Fabinho &#8211; Liverpool (ING), Lucas Paquet\u00e1 &#8211; Lyon (FRA) e Everton Ribeiro &#8211; Flamengo.<\/p>\n\n\n\n<p><strong>ATACANTES<\/strong>: Everton &#8211; Benfica (POR),  Roberto Firmino &#8211; Liverpool (ING),  Gabriel Barbosa &#8211; Flamengo,  Gabriel Jesus &#8211; Manchester City (ING),  Neymar Jr. &#8211; Paris Saint Germain (FRA),  Richarlison &#8211; Everton (ING) e Vin\u00edcius J\u00fanior &#8211; Real Madrid (ESP).<\/p>\n\n\n\n<p><em>Quer receber as principais not\u00edcias do&nbsp;<strong>SE Not\u00edcias<\/strong>&nbsp;no seu&nbsp;<strong>WhatsApp?<\/strong>&nbsp;<strong><a href=\"https:\/\/api.whatsapp.com\/send?phone=5579991715289\">Clique aqui<\/a><\/strong>.<\/em><\/p>\n\n\n\n<p><strong><em>Acompanhe tamb\u00e9m o SE Not\u00edcias no&nbsp;<a rel=\"noreferrer noopener\" href=\"https:\/\/twitter.com\/Senoticias\" target=\"_blank\">Twitter<\/a>,&nbsp;<a rel=\"noreferrer noopener\" href=\"https:\/\/www.facebook.com\/senoticias1\" target=\"_blank\">Facebook<\/a>&nbsp;e no&nbsp;<a rel=\"noreferrer noopener\" href=\"https:\/\/www.instagram.com\/senoticias\/\" target=\"_blank\">Instagram<\/a><\/em><\/strong>.<\/p>\n\n\n\n<p>Fonte: Ag\u00eancia Brasil<\/p>\n","protected":false},"excerpt":{"rendered":"<p>O t\u00e9cnico Tite anunciou nesta sexta-feira (14) os convocados da Sele\u00e7\u00e3o Brasileira para os jogos contra o Equador e Paraguai, v\u00e1lidos pelas Eliminat\u00f3rias Sul-americana da Copa do Mundo do Catar, em 2022. Entre as novidades, est\u00e1 o zagueiro Lucas Ver\u00edssimo, atualmente no Benfica, de Portugal. A primeira partida ser\u00e1 disputada no dia 4 de junho, [&hellip;]<\/p>\n","protected":false},"author":6552,"featured_media":0,"comment_status":"closed","ping_status":"closed","sticky":false,"template":"","format":"standard","meta":{"footnotes":""},"categories":[15,26,1],"tags":[368,2602,34228,5135],"class_list":{"0":"post-128018","1":"post","2":"type-post","3":"status-publish","4":"format-standard","6":"category-destaques","7":"category-esportes","8":"category-sem-categoria","9":"tag-eliminatorias","10":"tag-selecao-brasileira","11":"tag-tecnico-tite","12":"tag-tite"},"_links":{"self":[{"href":"https:\/\/senoticias.com.br\/se\/wp-json\/wp\/v2\/posts\/128018"}],"collection":[{"href":"https:\/\/senoticias.com.br\/se\/wp-json\/wp\/v2\/posts"}],"about":[{"href":"https:\/\/senoticias.com.br\/se\/wp-json\/wp\/v2\/types\/post"}],"author":[{"embeddable":true,"href":"https:\/\/senoticias.com.br\/se\/wp-json\/wp\/v2\/users\/6552"}],"replies":[{"embeddable":true,"href":"https:\/\/senoticias.com.br\/se\/wp-json\/wp\/v2\/comments?post=128018"}],"version-history":[{"count":0,"href":"https:\/\/senoticias.com.br\/se\/wp-json\/wp\/v2\/posts\/128018\/revisions"}],"wp:attachment":[{"href":"https:\/\/senoticias.com.br\/se\/wp-json\/wp\/v2\/media?parent=128018"}],"wp:term":[{"taxonomy":"category","embeddable":true,"href":"https:\/\/senoticias.com.br\/se\/wp-json\/wp\/v2\/categories?post=128018"},{"taxonomy":"post_tag","embeddable":true,"href":"https:\/\/senoticias.com.br\/se\/wp-json\/wp\/v2\/tags?post=128018"}],"curies":[{"name":"wp","href":"https:\/\/api.w.org\/{rel}","templated":true}]}}