{"id":128010,"date":"2021-05-14T08:56:16","date_gmt":"2021-05-14T11:56:16","guid":{"rendered":"https:\/\/senoticias.com.br\/se\/?p=128010"},"modified":"2021-05-14T17:36:09","modified_gmt":"2021-05-14T20:36:09","slug":"policia-civil-flagra-agenciador-de-adolescente-no-interior-de-sergipe","status":"publish","type":"post","link":"https:\/\/senoticias.com.br\/se\/policia-civil-flagra-agenciador-de-adolescente-no-interior-de-sergipe\/","title":{"rendered":"Pol\u00edcia Civil flagra agenciador de adolescente no interior de Sergipe"},"content":{"rendered":"\n<p><\/p>\n\n\n\n<p>Na manh\u00e3 de quinta-feira, 13, policiais civis da Delegacia de Atendimento a Grupos Vulner\u00e1veis de Itabaiana (DAGV) prenderam em flagrante dois homens pela pr\u00e1tica de crime de favorecimento de prostitui\u00e7\u00e3o de adolescente. A pessoa respons\u00e1vel por agenciar as menores de idade j\u00e1 vinha sendo investigada pela DAGV.<\/p>\n\n\n\n<figure class=\"wp-block-image size-large is-resized\"><img decoding=\"async\" src=\"https:\/\/senoticias.com.br\/se\/wp-content\/uploads\/2021\/05\/Delegada-Lorena-1024x822.jpeg\" alt=\"\" class=\"wp-image-128019\" width=\"599\"\/><figcaption>Segundo a delegada Lorena Rocha, al\u00e9m do homem investigado inicialmente, um cliente tamb\u00e9m foi detido &#8211; Foto: SSP\/SE<\/figcaption><\/figure>\n\n\n\n<p>Ap\u00f3s diversas dilig\u00eancias empreendidas no sentido de confirmar a pr\u00e1tica criminosa, os policias da delegacia especializada tomaram conhecimento de que, na manh\u00e3 de hoje, o suposto agenciador havia promovido um encontro entre uma adolescente e um homem.<\/p>\n\n\n\n<p>\u201cNossas equipes iniciaram as buscas e conseguiram localizar o suposto cliente quando ele deixava a adolescente em casa, logo ap\u00f3s o encontro. Al\u00e9m disso, localizamos tamb\u00e9m o suposto agenciador. Todos foram conduzidos \u00e0 DAGV, onde os dois homens foram autuados em flagrante\u201d, explicou a delegada Lorena Rocha, titular da DAGV-Itabaiana.<\/p>\n\n\n\n<p>Ainda de acordo com a delegada, \u201ca opera\u00e7\u00e3o coincide com o m\u00eas em que se celebra o Dia Nacional de Combate ao Abuso e Explora\u00e7\u00e3o Sexual de Crian\u00e7as e Adolescentes (18 de maio) e \u00e9 resultado de intensa investiga\u00e7\u00e3o realizada ao longo dos \u00faltimos tr\u00eas meses\u201d.<\/p>\n\n\n\n<p>Assim que os interrogat\u00f3rios forem conclu\u00eddos, o procedimento ser\u00e1 encaminhado ao Poder Judici\u00e1rio. As investiga\u00e7\u00f5es correm em sigilo, resguardando as identidades das aliciadas.<\/p>\n\n\n\n<p><em>Quer receber as principais not\u00edcias do&nbsp;<strong>SE Not\u00edcias<\/strong>&nbsp;no seu&nbsp;<strong>WhatsApp?<\/strong>&nbsp;<strong><a href=\"https:\/\/api.whatsapp.com\/send?phone=5579991715289\">Clique aqui<\/a><\/strong>.<\/em><\/p>\n\n\n\n<p><strong><em>Acompanhe tamb\u00e9m o SE Not\u00edcias no\u00a0<a rel=\"noreferrer noopener\" href=\"https:\/\/twitter.com\/Senoticias\" target=\"_blank\">Twitter<\/a>,\u00a0<a rel=\"noreferrer noopener\" href=\"https:\/\/www.facebook.com\/senoticias1\" target=\"_blank\">Facebook<\/a>\u00a0e no\u00a0<a rel=\"noreferrer noopener\" href=\"https:\/\/www.instagram.com\/senoticias\/\" target=\"_blank\">Instagram<\/a><\/em><\/strong><\/p>\n\n\n\n<p><em>Fonte: SSP\/SE<\/em><\/p>\n","protected":false},"excerpt":{"rendered":"<p>Na manh\u00e3 de quinta-feira, 13, policiais civis da Delegacia de Atendimento a Grupos Vulner\u00e1veis de Itabaiana (DAGV) prenderam em flagrante dois homens pela pr\u00e1tica de crime de favorecimento de prostitui\u00e7\u00e3o de adolescente. A pessoa respons\u00e1vel por agenciar as menores de idade j\u00e1 vinha sendo investigada pela DAGV. Ap\u00f3s diversas dilig\u00eancias empreendidas no sentido de confirmar [&hellip;]<\/p>\n","protected":false},"author":6552,"featured_media":0,"comment_status":"closed","ping_status":"closed","sticky":false,"template":"","format":"standard","meta":{"footnotes":""},"categories":[15,7,1],"tags":[34226,1746,14669,34225,78],"class_list":{"0":"post-128010","1":"post","2":"type-post","3":"status-publish","4":"format-standard","6":"category-destaques","7":"category-policia","8":"category-sem-categoria","9":"tag-agenciador-de-adolescente","10":"tag-delegacia-de-itabaiana","11":"tag-delegada-lorena-rocha","12":"tag-dia-nacional-de-combate-ao-abuso-e-exploracao-sexual-de-criancas-e-adolescentes","13":"tag-policia-civil"},"_links":{"self":[{"href":"https:\/\/senoticias.com.br\/se\/wp-json\/wp\/v2\/posts\/128010"}],"collection":[{"href":"https:\/\/senoticias.com.br\/se\/wp-json\/wp\/v2\/posts"}],"about":[{"href":"https:\/\/senoticias.com.br\/se\/wp-json\/wp\/v2\/types\/post"}],"author":[{"embeddable":true,"href":"https:\/\/senoticias.com.br\/se\/wp-json\/wp\/v2\/users\/6552"}],"replies":[{"embeddable":true,"href":"https:\/\/senoticias.com.br\/se\/wp-json\/wp\/v2\/comments?post=128010"}],"version-history":[{"count":0,"href":"https:\/\/senoticias.com.br\/se\/wp-json\/wp\/v2\/posts\/128010\/revisions"}],"wp:attachment":[{"href":"https:\/\/senoticias.com.br\/se\/wp-json\/wp\/v2\/media?parent=128010"}],"wp:term":[{"taxonomy":"category","embeddable":true,"href":"https:\/\/senoticias.com.br\/se\/wp-json\/wp\/v2\/categories?post=128010"},{"taxonomy":"post_tag","embeddable":true,"href":"https:\/\/senoticias.com.br\/se\/wp-json\/wp\/v2\/tags?post=128010"}],"curies":[{"name":"wp","href":"https:\/\/api.w.org\/{rel}","templated":true}]}}