{"id":127994,"date":"2021-05-13T08:39:42","date_gmt":"2021-05-13T11:39:42","guid":{"rendered":"https:\/\/senoticias.com.br\/se\/?p=127994"},"modified":"2021-05-13T09:00:56","modified_gmt":"2021-05-13T12:00:56","slug":"deputado-vota-contra-decreto-de-calamidade-em-nossa-senhora-das-dores-apontando-irregularidades-no-municipio","status":"publish","type":"post","link":"https:\/\/senoticias.com.br\/se\/deputado-vota-contra-decreto-de-calamidade-em-nossa-senhora-das-dores-apontando-irregularidades-no-municipio\/","title":{"rendered":"Deputado estadual faz graves den\u00fancias contra o prefeito de Nossa Senhora das Dores"},"content":{"rendered":"\n<p><\/p>\n\n\n\n<p>O deputado estadual <strong>Jo\u00e3o Marcelo votou contr\u00e1rio ao Projeto de Decreto Legislativo <\/strong>que reconhece o Estado de Calamidade P\u00fablica no<strong> munic\u00edpio de Nossa Senhora das Dores<\/strong>. A mat\u00e9ria foi votada e aprovada na Sess\u00e3o desta quarta-feira, 12, da Assembleia Legislativa de Sergipe \u2013 Alese. Ao justificar seu voto, o parlamentar apresentou alguns documentos de irregularidades cometidas pela gest\u00e3o municipal.<\/p>\n\n\n\n<figure class=\"wp-block-image size-large\"><img loading=\"lazy\" decoding=\"async\" width=\"574\" height=\"490\" src=\"https:\/\/senoticias.com.br\/se\/wp-content\/uploads\/2021\/05\/WhatsApp-Image-2020-06-03-at-08.37.11.jpeg\" alt=\"\" class=\"wp-image-127996\" srcset=\"https:\/\/senoticias.com.br\/se\/wp-content\/uploads\/2021\/05\/WhatsApp-Image-2020-06-03-at-08.37.11.jpeg 574w, https:\/\/senoticias.com.br\/se\/wp-content\/uploads\/2021\/05\/WhatsApp-Image-2020-06-03-at-08.37.11-300x256.jpeg 300w\" sizes=\"(max-width: 574px) 100vw, 574px\" \/><figcaption>Segundo Jo\u00e3o Marcelo, o povo de Dores est\u00e1 sendo colocado em segundo plano enquanto o prefeito M\u00e1rio da Cl\u00ednica paga despesas da campanha &#8211; Foto: arquivo\/elei\u00e7\u00f5es 2020<\/figcaption><\/figure>\n\n\n\n<p>\u201cManifesto a minha preocupa\u00e7\u00e3o porque acredito que n\u00f3s deputados precisamos ter mais aten\u00e7\u00e3o em rela\u00e7\u00e3o aos decretos de calamidade que est\u00e3o sendo votados na casa. Em rela\u00e7\u00e3o exclusivamente a Nossa Senhora das Dores eu sou conhecedor de causa e sei de todo o preju\u00edzo que o povo da minha cidade ter\u00e1\u201d, ressaltou.<\/p>\n\n\n\n<p>O deputado destacou sua preocupa\u00e7\u00e3o com as diversas irregularidades encontradas no Munic\u00edpio. \u201cQuero fazer um apelo aos deputados Georgeo Passos e Kitty Lima, que s\u00e3o ligados ao prefeito. <strong>S\u00e3o informa\u00e7\u00f5es gritantes de contrata\u00e7\u00f5es milion\u00e1rias que est\u00e3o sendo feitas sem licita\u00e7\u00e3o<\/strong> desde que foi decretado pelo prefeito sem an\u00e1lise na C\u00e2mara e sem discuss\u00e3o pol\u00edtica a situa\u00e7\u00e3o de emerg\u00eancia\u201d, pontuou.<\/p>\n\n\n\n<p>Segundo <strong>Jo\u00e3o Marcelo, o povo de Dores est\u00e1 sendo colocado em segundo plano enquanto o prefeito paga despesas da campanha<\/strong>. \u201cFazendo contratos sem licita\u00e7\u00e3o. Estou expondo aqui para conhecimento de todos as informa\u00e7\u00f5es colhidas no Portal da Transpar\u00eancia. Por isso, registro o meu voto contr\u00e1rio ao Decreto de Calamidade e a minha insatisfa\u00e7\u00e3o de como est\u00e1 sendo tratado o povo de Dores\u201d, detalhou.<\/p>\n\n\n\n<p>\u201cPor exemplo, c<strong>ontrato milion\u00e1rio com a cl\u00ednica particular do prefeito. Que neg\u00f3cio \u00e9 esse?<\/strong> Alguns podem argumentar que houve licita\u00e7\u00e3o, o que \u00e9 verdade, mas \u00e9 preciso lembrar que abriu-se o prazo para recurso de quinze minutos, a empresa que ganhou sumiu e apareceu a empresa do prefeito. <strong>O cunhado do prefeito de Dores fornece combust\u00edvel em tr\u00eas meses por R$ 3 milh\u00f5es\u201d, complementou.<\/strong><\/p>\n\n\n\n<p>Ainda de acordo com o deputado estadual, os recursos para pagar os contratos est\u00e3o sendo retirados das fam\u00edlias que tiveram o aux\u00edlio cortado pela gest\u00e3o municipal. \u201cOs deputados Georgeo Passos e Kitty Lima s\u00e3o amigos da gest\u00e3o, mas n\u00e3o devem concordar com a desmoraliza\u00e7\u00e3o com que Dores tem sido tratada.<strong> Contratos milion\u00e1rios com pessoas pr\u00f3ximas \u00e0 gest\u00e3o. O cunhado do prefeito, o candidato a deputado do prefeito e o secret\u00e1rio de finan\u00e7as com contratos milion\u00e1rios<\/strong>. A popula\u00e7\u00e3o n\u00e3o merece esse desrespeito\u201d, concluiu.<\/p>\n\n\n\n<p><em>Quer receber as principais not\u00edcias do&nbsp;<strong>SE Not\u00edcias<\/strong>&nbsp;no seu&nbsp;<strong>WhatsApp?<\/strong>&nbsp;<strong><a href=\"https:\/\/api.whatsapp.com\/send?phone=5579991715289\">Clique aqui<\/a><\/strong>.<\/em><\/p>\n\n\n\n<p><strong><em>Acompanhe tamb\u00e9m o SE Not\u00edcias no\u00a0<a rel=\"noreferrer noopener\" href=\"https:\/\/twitter.com\/Senoticias\" target=\"_blank\">Twitter<\/a>,\u00a0<a rel=\"noreferrer noopener\" href=\"https:\/\/www.facebook.com\/senoticias1\" target=\"_blank\">Facebook<\/a>\u00a0e no\u00a0<a rel=\"noreferrer noopener\" href=\"https:\/\/www.instagram.com\/senoticias\/\" target=\"_blank\">Instagram<\/a><\/em><\/strong><\/p>\n\n\n\n<p>Fonte: ascom\/parlamentar<\/p>\n","protected":false},"excerpt":{"rendered":"<p>O deputado estadual Jo\u00e3o Marcelo votou contr\u00e1rio ao Projeto de Decreto Legislativo que reconhece o Estado de Calamidade P\u00fablica no munic\u00edpio de Nossa Senhora das Dores. A mat\u00e9ria foi votada e aprovada na Sess\u00e3o desta quarta-feira, 12, da Assembleia Legislativa de Sergipe \u2013 Alese. Ao justificar seu voto, o parlamentar apresentou alguns documentos de irregularidades [&hellip;]<\/p>\n","protected":false},"author":6552,"featured_media":0,"comment_status":"closed","ping_status":"closed","sticky":false,"template":"","format":"standard","meta":{"footnotes":""},"categories":[15,38],"tags":[34217,34218,16206,34219,700,15981],"class_list":{"0":"post-127994","1":"post","2":"type-post","3":"status-publish","4":"format-standard","6":"category-destaques","7":"category-municipios","8":"tag-decreto-de-calamidade","9":"tag-deputado-estadual-joao-marcelo","10":"tag-deputado-joao-marcelo","11":"tag-estado-de-calamidade-publica","12":"tag-nossa-senhora-das-dores","13":"tag-prefeito-mario-da-clinica"},"_links":{"self":[{"href":"https:\/\/senoticias.com.br\/se\/wp-json\/wp\/v2\/posts\/127994"}],"collection":[{"href":"https:\/\/senoticias.com.br\/se\/wp-json\/wp\/v2\/posts"}],"about":[{"href":"https:\/\/senoticias.com.br\/se\/wp-json\/wp\/v2\/types\/post"}],"author":[{"embeddable":true,"href":"https:\/\/senoticias.com.br\/se\/wp-json\/wp\/v2\/users\/6552"}],"replies":[{"embeddable":true,"href":"https:\/\/senoticias.com.br\/se\/wp-json\/wp\/v2\/comments?post=127994"}],"version-history":[{"count":0,"href":"https:\/\/senoticias.com.br\/se\/wp-json\/wp\/v2\/posts\/127994\/revisions"}],"wp:attachment":[{"href":"https:\/\/senoticias.com.br\/se\/wp-json\/wp\/v2\/media?parent=127994"}],"wp:term":[{"taxonomy":"category","embeddable":true,"href":"https:\/\/senoticias.com.br\/se\/wp-json\/wp\/v2\/categories?post=127994"},{"taxonomy":"post_tag","embeddable":true,"href":"https:\/\/senoticias.com.br\/se\/wp-json\/wp\/v2\/tags?post=127994"}],"curies":[{"name":"wp","href":"https:\/\/api.w.org\/{rel}","templated":true}]}}