{"id":127987,"date":"2021-05-12T15:54:32","date_gmt":"2021-05-12T18:54:32","guid":{"rendered":"https:\/\/senoticias.com.br\/se\/?p=127987"},"modified":"2021-05-12T15:58:15","modified_gmt":"2021-05-12T18:58:15","slug":"audiencia-publica-discutira-situacao-do-transporte-publico-e-as-medidas-adotadas-no-periodo-da-pandemia","status":"publish","type":"post","link":"https:\/\/senoticias.com.br\/se\/audiencia-publica-discutira-situacao-do-transporte-publico-e-as-medidas-adotadas-no-periodo-da-pandemia\/","title":{"rendered":"Audi\u00eancia P\u00fablica discutir\u00e1 situa\u00e7\u00e3o do transporte p\u00fablico e as medidas adotadas no per\u00edodo da pandemia"},"content":{"rendered":"\n<p><\/p>\n\n\n\n<p>O Plen\u00e1rio da C\u00e2mara Municipal de Aracaju (CMA) aprovou na manh\u00e3 desta quarta-feira (12) um requerimento de autoria do vereador Ricardo Marques (Cidadania) para realiza\u00e7\u00e3o de uma Audi\u00eancia P\u00fablica no dia 24 de maio, \u00e0s 9h, que discutir\u00e1 a situa\u00e7\u00e3o do Transporte P\u00fablico Coletivo do Munic\u00edpio de Aracaju e as medidas tomadas decorrentes da pandemia da Covid-19.<\/p>\n\n\n\n<figure class=\"wp-block-image size-large\"><img loading=\"lazy\" decoding=\"async\" width=\"567\" height=\"378\" src=\"https:\/\/senoticias.com.br\/se\/wp-content\/uploads\/2021\/05\/audiencia-publica.jpg\" alt=\"\" class=\"wp-image-127989\" srcset=\"https:\/\/senoticias.com.br\/se\/wp-content\/uploads\/2021\/05\/audiencia-publica.jpg 567w, https:\/\/senoticias.com.br\/se\/wp-content\/uploads\/2021\/05\/audiencia-publica-300x200.jpg 300w, https:\/\/senoticias.com.br\/se\/wp-content\/uploads\/2021\/05\/audiencia-publica-90x60.jpg 90w, https:\/\/senoticias.com.br\/se\/wp-content\/uploads\/2021\/05\/audiencia-publica-180x120.jpg 180w, https:\/\/senoticias.com.br\/se\/wp-content\/uploads\/2021\/05\/audiencia-publica-95x64.jpg 95w\" sizes=\"(max-width: 567px) 100vw, 567px\" \/><figcaption>O requerimento \u00e9 de autoria do vereador Ricardo Marques &#8211; Foto: ascom\/divulga\u00e7\u00e3o<\/figcaption><\/figure>\n\n\n\n<p>De acordo com o parlamentar, \u00e9 uma oportunidade de discutir se as medidas adotadas at\u00e9 o momento apresentaram um bom resultado. \u201cDesde o in\u00edcio da pandemia os usu\u00e1rios convivem diariamente com \u00f4nibus lotados, correndo risco de contamina\u00e7\u00e3o e aumentando o potencial de transmiss\u00e3o\u201d, considera.<\/p>\n\n\n\n<p>\u201cEssa audi\u00eancia ir\u00e1 aprofundar a discuss\u00e3o sobre os problemas existentes, analisar as medidas tomadas at\u00e9 o momento pela prefeitura e empresas respons\u00e1veis e sugerir outras iniciativas que podem contribuir com a redu\u00e7\u00e3o da transmiss\u00e3o do v\u00edrus. Foram convidados para participar especialistas, todos os setores envolvidos pelo transporte p\u00fablico de Aracaju \u2013 Minist\u00e9rios P\u00fablicos, Setransp, SMTT, Acese, CDL, Sinttra \u2013 e os usu\u00e1rios de \u00f4nibus\u201d, completa Ricardo Marques.<\/p>\n\n\n\n<p><em>Quer receber as principais not\u00edcias do&nbsp;<strong>SE Not\u00edcias<\/strong>&nbsp;no seu&nbsp;<strong>WhatsApp?<\/strong>&nbsp;<strong><a href=\"https:\/\/api.whatsapp.com\/send?phone=5579991715289\">Clique aqui<\/a><\/strong>.<\/em><\/p>\n\n\n\n<p><strong><em>Acompanhe tamb\u00e9m o SE Not\u00edcias no\u00a0<a rel=\"noreferrer noopener\" href=\"https:\/\/twitter.com\/Senoticias\" target=\"_blank\">Twitter<\/a>,\u00a0<a rel=\"noreferrer noopener\" href=\"https:\/\/www.facebook.com\/senoticias1\" target=\"_blank\">Facebook<\/a>\u00a0e no\u00a0<a rel=\"noreferrer noopener\" href=\"https:\/\/www.instagram.com\/senoticias\/\" target=\"_blank\">Instagram<\/a><\/em><\/strong><\/p>\n\n\n\n<p>Fonte: ascom\/Ricardo Marques<\/p>\n","protected":false},"excerpt":{"rendered":"<p>O Plen\u00e1rio da C\u00e2mara Municipal de Aracaju (CMA) aprovou na manh\u00e3 desta quarta-feira (12) um requerimento de autoria do vereador Ricardo Marques (Cidadania) para realiza\u00e7\u00e3o de uma Audi\u00eancia P\u00fablica no dia 24 de maio, \u00e0s 9h, que discutir\u00e1 a situa\u00e7\u00e3o do Transporte P\u00fablico Coletivo do Munic\u00edpio de Aracaju e as medidas tomadas decorrentes da pandemia [&hellip;]<\/p>\n","protected":false},"author":6552,"featured_media":0,"comment_status":"closed","ping_status":"closed","sticky":false,"template":"","format":"standard","meta":{"footnotes":""},"categories":[15,6,1],"tags":[3756,5674,3704,16695],"class_list":{"0":"post-127987","1":"post","2":"type-post","3":"status-publish","4":"format-standard","6":"category-destaques","7":"category-politica","8":"category-sem-categoria","9":"tag-audiencia-publica","10":"tag-camara-municipal-de-aracaju","11":"tag-transporte-publico","12":"tag-vereador-ricardo-marques"},"_links":{"self":[{"href":"https:\/\/senoticias.com.br\/se\/wp-json\/wp\/v2\/posts\/127987"}],"collection":[{"href":"https:\/\/senoticias.com.br\/se\/wp-json\/wp\/v2\/posts"}],"about":[{"href":"https:\/\/senoticias.com.br\/se\/wp-json\/wp\/v2\/types\/post"}],"author":[{"embeddable":true,"href":"https:\/\/senoticias.com.br\/se\/wp-json\/wp\/v2\/users\/6552"}],"replies":[{"embeddable":true,"href":"https:\/\/senoticias.com.br\/se\/wp-json\/wp\/v2\/comments?post=127987"}],"version-history":[{"count":0,"href":"https:\/\/senoticias.com.br\/se\/wp-json\/wp\/v2\/posts\/127987\/revisions"}],"wp:attachment":[{"href":"https:\/\/senoticias.com.br\/se\/wp-json\/wp\/v2\/media?parent=127987"}],"wp:term":[{"taxonomy":"category","embeddable":true,"href":"https:\/\/senoticias.com.br\/se\/wp-json\/wp\/v2\/categories?post=127987"},{"taxonomy":"post_tag","embeddable":true,"href":"https:\/\/senoticias.com.br\/se\/wp-json\/wp\/v2\/tags?post=127987"}],"curies":[{"name":"wp","href":"https:\/\/api.w.org\/{rel}","templated":true}]}}