{"id":127956,"date":"2021-05-10T19:59:56","date_gmt":"2021-05-10T22:59:56","guid":{"rendered":"https:\/\/senoticias.com.br\/se\/?p=127956"},"modified":"2021-05-10T20:00:06","modified_gmt":"2021-05-10T23:00:06","slug":"defesa-civil-emite-alerta-de-ventos-fortes-em-aracaju","status":"publish","type":"post","link":"https:\/\/senoticias.com.br\/se\/defesa-civil-emite-alerta-de-ventos-fortes-em-aracaju\/","title":{"rendered":"Defesa Civil emite alerta de ventos fortes em Aracaju"},"content":{"rendered":"\n<p>Na manh\u00e3 desta segunda-feira, 10, a Defesa Civil de Aracaju encaminhou alerta SMS, pelo servi\u00e7o 40199, em virtude de aviso de mau tempo emitido pela Marinha do Brasil, atrav\u00e9s da Capitania dos Portos de Sergipe (CPSE). As informa\u00e7\u00f5es d\u00e3o conta de possibilidade de ventos fortes, nas pr\u00f3ximas 12h, no litoral aracajuano.<\/p>\n\n\n\n<figure class=\"wp-block-image size-large\"><img loading=\"lazy\" decoding=\"async\" width=\"1024\" height=\"680\" src=\"https:\/\/senoticias.com.br\/se\/wp-content\/uploads\/2014\/09\/1_news_66_8281e21c5f9a29e18493f48f9148f8d1-1024x680.jpg\" alt=\"\" class=\"wp-image-69707\"\/><figcaption>A previs\u00e3o \u00e9 de que o fen\u00f4meno ocorra at\u00e9 \u00e0s 21h do desta segunda-feira &#8211; Foto: Andr\u00e9 Moreira\/ Equipe JC<\/figcaption><\/figure>\n\n\n\n<p>A Prefeitura de Aracaju, por meio da Secretaria da Defesa Social e da Cidadania (Semdec), est\u00e1 com equipes em aten\u00e7\u00e3o para o atendimento aos chamados que possam ser registrados a partir do n\u00famero emergencial 199, assim como para o monitoramento de \u00e1reas com maior vulnerabilidade.<\/p>\n\n\n\n<p>A Defesa Civil orienta a popula\u00e7\u00e3o para que fique atenta a poss\u00edveis situa\u00e7\u00f5es de risco. &#8220;A previs\u00e3o \u00e9 de que o fen\u00f4meno ocorra at\u00e9 \u00e0s 21h do dia de hoje. Ent\u00e3o, encaminhamos alerta SMS para que as pessoas redobrem o estado de observa\u00e7\u00e3o com rela\u00e7\u00e3o a eventuais quedas de placas de publicidade, estilha\u00e7amento de vidra\u00e7as, coberturas de garagens, quedas de \u00e1rvores e coberturas residenciais mais leves&#8221;, indicou o coordenador do \u00f3rg\u00e3o, major S\u00edlvio Prado.<\/p>\n\n\n\n<p>Al\u00e9m disso, tamb\u00e9m \u00e9 indicado evitar transitar ou se abrigar pr\u00f3ximo de \u00e1rvores, fia\u00e7\u00f5es el\u00e9tricas ou estruturas met\u00e1licas. Praticantes de esportes aqu\u00e1ticos devem evitar tais atividades no per\u00edodo em que o alerta estiver em vigor.<\/p>\n\n\n\n<p>Em situa\u00e7\u00e3o de emerg\u00eancia \u00e9 poss\u00edvel acionar a Defesa Civil atrav\u00e9s do n\u00famero 199, que funciona 24h. J\u00e1 para se manter informado sobre fen\u00f4menos naturais e outras situa\u00e7\u00f5es que demandem aten\u00e7\u00e3o, basta enviar uma mensagem SMS para o n\u00famero 40199 e inserir, no campo de mensagem, o n\u00famero do CEP da localidade sobre a qual deseje receber as informa\u00e7\u00f5es. O servi\u00e7o \u00e9 gratuito e j\u00e1 possui mais de 50 mil n\u00fameros cadastrados.<\/p>\n\n\n\n<p><em>Quer receber as principais not\u00edcias do&nbsp;<strong>SE Not\u00edcias<\/strong>&nbsp;no seu&nbsp;<strong>WhatsApp?<\/strong>&nbsp;<strong><a href=\"https:\/\/api.whatsapp.com\/send?phone=5579991715289\">Clique aqui<\/a><\/strong>.<\/em><\/p>\n\n\n\n<p><strong><em>Acompanhe tamb\u00e9m o SE Not\u00edcias no\u00a0<a rel=\"noreferrer noopener\" href=\"https:\/\/twitter.com\/Senoticias\" target=\"_blank\">Twitter<\/a>,\u00a0<a rel=\"noreferrer noopener\" href=\"https:\/\/www.facebook.com\/senoticias1\" target=\"_blank\">Facebook<\/a>\u00a0e no\u00a0<a rel=\"noreferrer noopener\" href=\"https:\/\/www.instagram.com\/senoticias\/\" target=\"_blank\">Instagram<\/a><\/em><\/strong><\/p>\n\n\n\n<p>Fonte: Ag\u00eancia Aracaju de Not\u00edcias<\/p>\n","protected":false},"excerpt":{"rendered":"<p>Na manh\u00e3 desta segunda-feira, 10, a Defesa Civil de Aracaju encaminhou alerta SMS, pelo servi\u00e7o 40199, em virtude de aviso de mau tempo emitido pela Marinha do Brasil, atrav\u00e9s da Capitania dos Portos de Sergipe (CPSE). As informa\u00e7\u00f5es d\u00e3o conta de possibilidade de ventos fortes, nas pr\u00f3ximas 12h, no litoral aracajuano. A Prefeitura de Aracaju, [&hellip;]<\/p>\n","protected":false},"author":6552,"featured_media":0,"comment_status":"closed","ping_status":"closed","sticky":false,"template":"","format":"standard","meta":{"footnotes":""},"categories":[15,6],"tags":[16802,5605,12625,12624],"class_list":{"0":"post-127956","1":"post","2":"type-post","3":"status-publish","4":"format-standard","6":"category-destaques","7":"category-politica","8":"tag-defesa-civil-de-aracaju","9":"tag-marinha-do-brasil","10":"tag-ventos-fortes","11":"tag-ventos-fortes-aracaju-sergipe"},"_links":{"self":[{"href":"https:\/\/senoticias.com.br\/se\/wp-json\/wp\/v2\/posts\/127956"}],"collection":[{"href":"https:\/\/senoticias.com.br\/se\/wp-json\/wp\/v2\/posts"}],"about":[{"href":"https:\/\/senoticias.com.br\/se\/wp-json\/wp\/v2\/types\/post"}],"author":[{"embeddable":true,"href":"https:\/\/senoticias.com.br\/se\/wp-json\/wp\/v2\/users\/6552"}],"replies":[{"embeddable":true,"href":"https:\/\/senoticias.com.br\/se\/wp-json\/wp\/v2\/comments?post=127956"}],"version-history":[{"count":0,"href":"https:\/\/senoticias.com.br\/se\/wp-json\/wp\/v2\/posts\/127956\/revisions"}],"wp:attachment":[{"href":"https:\/\/senoticias.com.br\/se\/wp-json\/wp\/v2\/media?parent=127956"}],"wp:term":[{"taxonomy":"category","embeddable":true,"href":"https:\/\/senoticias.com.br\/se\/wp-json\/wp\/v2\/categories?post=127956"},{"taxonomy":"post_tag","embeddable":true,"href":"https:\/\/senoticias.com.br\/se\/wp-json\/wp\/v2\/tags?post=127956"}],"curies":[{"name":"wp","href":"https:\/\/api.w.org\/{rel}","templated":true}]}}