{"id":127954,"date":"2021-05-10T17:29:33","date_gmt":"2021-05-10T20:29:33","guid":{"rendered":"https:\/\/senoticias.com.br\/se\/?p=127954"},"modified":"2021-05-10T17:29:38","modified_gmt":"2021-05-10T20:29:38","slug":"prefeitura-de-laranjeiras-continua-essa-semana-a-entrega-de-kits-de-alimentacao-escolar","status":"publish","type":"post","link":"https:\/\/senoticias.com.br\/se\/prefeitura-de-laranjeiras-continua-essa-semana-a-entrega-de-kits-de-alimentacao-escolar\/","title":{"rendered":"Prefeitura de Laranjeiras continua essa semana a entrega de kits de alimenta\u00e7\u00e3o escolar"},"content":{"rendered":"\n<p><\/p>\n\n\n\n<p>A Prefeitura de Laranjeiras vai dar continuidade nesta ter\u00e7a-feira, 11, \u00e0 entrega dos kits de alimenta\u00e7\u00e3o escolar aos alunos matriculados nas escolas da rede municipal. O cronograma, iniciado na \u00faltima ter\u00e7a-feira, 04, deve ser encerrado na pr\u00f3xima sexta-feira, 14. Nesta primeira etapa, est\u00e3o sendo beneficiados cerca de quatro mil estudantes.<\/p>\n\n\n\n<figure class=\"wp-block-image size-large\"><img loading=\"lazy\" decoding=\"async\" width=\"425\" height=\"507\" src=\"https:\/\/senoticias.com.br\/se\/wp-content\/uploads\/2021\/05\/kITS-MERENDA-LARANJEIRAS-SE-NOTICIAS.jpeg\" alt=\"\" class=\"wp-image-127955\" srcset=\"https:\/\/senoticias.com.br\/se\/wp-content\/uploads\/2021\/05\/kITS-MERENDA-LARANJEIRAS-SE-NOTICIAS.jpeg 425w, https:\/\/senoticias.com.br\/se\/wp-content\/uploads\/2021\/05\/kITS-MERENDA-LARANJEIRAS-SE-NOTICIAS-251x300.jpeg 251w\" sizes=\"(max-width: 425px) 100vw, 425px\" \/><figcaption>Prefeitura continua essa semana a entrega de kits de alimenta\u00e7\u00e3o escolar &#8211; Foto: ascom\/divulga\u00e7\u00e3o<\/figcaption><\/figure>\n\n\n\n<p>Amanh\u00e3, os trabalhos ser\u00e3o retomados com a entrega nas escolas Manoel Sizino Franco e Lourival Baptista. Na quarta, quinta e sexta, ser\u00e3o beneficiados tamb\u00e9m os estudantes das escolas Maria Regina de Oliveira, Creche Maria Carmita Fernandes, Dom Pedro II, Leon\u00eddio Leite, Creche Bruna Hagenbeck e Alcino Manoel Prudente. Para ter acesso ao cronograma completo \u00e9 preciso acessar as redes sociais da Prefeitura, no Facebook e Instagran (@preflaranjeiras). Todos os dias s\u00e3o feitas postagens com essa e outras novidades das a\u00e7\u00f5es da gest\u00e3o municipal.<\/p>\n\n\n\n<p>Em pouco mais de quatro meses de administra\u00e7\u00e3o \u00e9 poss\u00edvel perceber avan\u00e7os na qualidade da Educa\u00e7\u00e3o oferecida. Mesmo neste per\u00edodo de pandemia, a Prefeitura realizou investimentos importantes, como a realiza\u00e7\u00e3o de atividades remotas, a distribui\u00e7\u00e3o dos kits de alimenta\u00e7\u00e3o escolar, a campanha Matr\u00edcula Premiada, que est\u00e1 sorteando pr\u00eamios para quem realizar a matr\u00edcula, que ainda est\u00e1 aberta.<\/p>\n\n\n\n<p>\u201cEm Laranjeiras, os alunos s\u00f3 t\u00eam a ganhar. Al\u00e9m de ensino de qualidade, a Prefeitura, oferece os kits de alimenta\u00e7\u00e3o, com os mesmos itens do card\u00e1pio da merenda escolar, as aulas remotas e sorteia pr\u00eamios. Crian\u00e7a e adolescente n\u00e3o pode ficar fora da escola e este ano j\u00e1 matriculamos 800 estudantes a mais, em rela\u00e7\u00e3o aos n\u00fameros de 2020\u201d, destacou a Secret\u00e1ria Municipal de Educa\u00e7\u00e3o, Maurina Cruz.<\/p>\n\n\n\n<p><em>Quer receber as principais not\u00edcias do&nbsp;<strong>SE Not\u00edcias<\/strong>&nbsp;no seu&nbsp;<strong>WhatsApp?<\/strong>&nbsp;<strong><a href=\"https:\/\/api.whatsapp.com\/send?phone=5579991715289\">Clique aqui<\/a><\/strong>.<\/em><\/p>\n\n\n\n<p><strong><em>Acompanhe tamb\u00e9m o SE Not\u00edcias no&nbsp;<a rel=\"noreferrer noopener\" href=\"https:\/\/twitter.com\/Senoticias\" target=\"_blank\">Twitter<\/a>,&nbsp;<a rel=\"noreferrer noopener\" href=\"https:\/\/www.facebook.com\/senoticias1\" target=\"_blank\">Facebook<\/a>&nbsp;e no&nbsp;<a rel=\"noreferrer noopener\" href=\"https:\/\/www.instagram.com\/senoticias\/\" target=\"_blank\">Instagram<\/a><\/em><\/strong><\/p>\n\n\n\n<p>DECOM Laranjeiras<\/p>\n","protected":false},"excerpt":{"rendered":"<p>A Prefeitura de Laranjeiras vai dar continuidade nesta ter\u00e7a-feira, 11, \u00e0 entrega dos kits de alimenta\u00e7\u00e3o escolar aos alunos matriculados nas escolas da rede municipal. O cronograma, iniciado na \u00faltima ter\u00e7a-feira, 04, deve ser encerrado na pr\u00f3xima sexta-feira, 14. Nesta primeira etapa, est\u00e3o sendo beneficiados cerca de quatro mil estudantes. Amanh\u00e3, os trabalhos ser\u00e3o retomados [&hellip;]<\/p>\n","protected":false},"author":6552,"featured_media":0,"comment_status":"closed","ping_status":"closed","sticky":false,"template":"","format":"standard","meta":{"footnotes":""},"categories":[15,38],"tags":[34197,16171,3327],"class_list":{"0":"post-127954","1":"post","2":"type-post","3":"status-publish","4":"format-standard","6":"category-destaques","7":"category-municipios","8":"tag-kits-de-alimentacao-escolar","9":"tag-prefeito-juca","10":"tag-prefeitura-de-laranjeiras"},"_links":{"self":[{"href":"https:\/\/senoticias.com.br\/se\/wp-json\/wp\/v2\/posts\/127954"}],"collection":[{"href":"https:\/\/senoticias.com.br\/se\/wp-json\/wp\/v2\/posts"}],"about":[{"href":"https:\/\/senoticias.com.br\/se\/wp-json\/wp\/v2\/types\/post"}],"author":[{"embeddable":true,"href":"https:\/\/senoticias.com.br\/se\/wp-json\/wp\/v2\/users\/6552"}],"replies":[{"embeddable":true,"href":"https:\/\/senoticias.com.br\/se\/wp-json\/wp\/v2\/comments?post=127954"}],"version-history":[{"count":0,"href":"https:\/\/senoticias.com.br\/se\/wp-json\/wp\/v2\/posts\/127954\/revisions"}],"wp:attachment":[{"href":"https:\/\/senoticias.com.br\/se\/wp-json\/wp\/v2\/media?parent=127954"}],"wp:term":[{"taxonomy":"category","embeddable":true,"href":"https:\/\/senoticias.com.br\/se\/wp-json\/wp\/v2\/categories?post=127954"},{"taxonomy":"post_tag","embeddable":true,"href":"https:\/\/senoticias.com.br\/se\/wp-json\/wp\/v2\/tags?post=127954"}],"curies":[{"name":"wp","href":"https:\/\/api.w.org\/{rel}","templated":true}]}}