{"id":127908,"date":"2021-05-07T09:51:55","date_gmt":"2021-05-07T12:51:55","guid":{"rendered":"https:\/\/senoticias.com.br\/se\/?p=127908"},"modified":"2021-05-07T10:24:16","modified_gmt":"2021-05-07T13:24:16","slug":"deputado-recebe-reitor-da-ufs-e-afirma-compromisso-em-ajudar-universidade","status":"publish","type":"post","link":"https:\/\/senoticias.com.br\/se\/deputado-recebe-reitor-da-ufs-e-afirma-compromisso-em-ajudar-universidade\/","title":{"rendered":"Deputado recebe reitor da UFS e afirma compromisso em ajudar Universidade"},"content":{"rendered":"\n<p>Nesta quinta-feira, 06, o deputado estadual Ibrain de Valmir, recebeu em seu gabinete o reitor da Universidade Federal de Sergipe (UFS), Valter Santana acompanhado do seu assessor Jodnes Vieira para tratar de assuntos ligados ao desenvolvimento e melhorias nas a\u00e7\u00f5es educacionais da Universidade.<\/p>\n\n\n\n<figure class=\"wp-block-image size-large\"><img loading=\"lazy\" decoding=\"async\" width=\"589\" height=\"392\" src=\"https:\/\/senoticias.com.br\/se\/wp-content\/uploads\/2021\/05\/Reitor-da-UFS-SE-Noticias.jpg\" alt=\"\" class=\"wp-image-127909\" srcset=\"https:\/\/senoticias.com.br\/se\/wp-content\/uploads\/2021\/05\/Reitor-da-UFS-SE-Noticias.jpg 589w, https:\/\/senoticias.com.br\/se\/wp-content\/uploads\/2021\/05\/Reitor-da-UFS-SE-Noticias-300x200.jpg 300w, https:\/\/senoticias.com.br\/se\/wp-content\/uploads\/2021\/05\/Reitor-da-UFS-SE-Noticias-90x60.jpg 90w, https:\/\/senoticias.com.br\/se\/wp-content\/uploads\/2021\/05\/Reitor-da-UFS-SE-Noticias-180x120.jpg 180w, https:\/\/senoticias.com.br\/se\/wp-content\/uploads\/2021\/05\/Reitor-da-UFS-SE-Noticias-95x64.jpg 95w\" sizes=\"(max-width: 589px) 100vw, 589px\" \/><figcaption>Deputado recebe reitor da UFS e afirma compromisso em ajudar Universidade &#8211; Foto: divulga\u00e7\u00e3o<\/figcaption><\/figure>\n\n\n\n<p>Em conversa com o deputado, o reitor da UFS, Valter Santana mostrou propostas de a\u00e7\u00f5es que poder\u00e3o ser aplicadas na Universidade Federal de Sergipe para as melhorias nos servi\u00e7os educacionais. &#8221; A meta \u00e9 investir, estimular a inova\u00e7\u00e3o, o desenvolvimento tecnol\u00f3gico dentro da universidade, para, alinhado com a\u00e7\u00f5es governamentais, ter condi\u00e7\u00f5es de tornar Sergipe um polo para atra\u00e7\u00f5es de empresas\u201d, pontuou o reitor.<\/p>\n\n\n\n<p>Para o deputado Ibrain Monteiro, o encontro foi proveitoso. \u201cO reitor da UFS est\u00e1 sempre muito atento, principalmente em rela\u00e7\u00e3o ao planejamento de a\u00e7\u00f5es p\u00f3s Covid. Existe a preocupa\u00e7\u00e3o com a forma\u00e7\u00e3o do aluno e tamb\u00e9m com a p\u00f3s forma\u00e7\u00e3o. Um fato importante \u00e9 que esses alunos, dentro da UFS, podem desenvolver tecnologias para serem usadas pelo estado de Sergipe, o que \u00e9 de grande valia para o desenvolvimento econ\u00f4mico das cidades\u201d, comentou Ibrain.<\/p>\n\n\n\n<p>De acordo com o parlamentar, a ideia \u00e9 se unir a outros deputados em defesa dos projetos da universidade, que acabam resultando em desenvolvimento para o estado. \u201cSomos um estado muito pequeno, esperamos que as ind\u00fastrias possam abra\u00e7ar esses projetos para gerar emprego e renda para o estado de Sergipe. Vamos defender, junto com outros parlamentares, a aplica\u00e7\u00e3o desses projetos na pr\u00e1tica, o que gera um benef\u00edcio para todo o estado\u201d, relatou.<\/p>\n\n\n\n<p><em>Quer receber as principais not\u00edcias do&nbsp;<strong>SE Not\u00edcias<\/strong>&nbsp;no seu&nbsp;<strong>WhatsApp?<\/strong>&nbsp;<strong><a href=\"https:\/\/api.whatsapp.com\/send?phone=5579991715289\">Clique aqui<\/a><\/strong>.<\/em><\/p>\n\n\n\n<p><strong><em>Acompanhe tamb\u00e9m o SE Not\u00edcias no\u00a0<a rel=\"noreferrer noopener\" href=\"https:\/\/twitter.com\/Senoticias\" target=\"_blank\">Twitter<\/a>,\u00a0<a rel=\"noreferrer noopener\" href=\"https:\/\/www.facebook.com\/senoticias1\" target=\"_blank\">Facebook<\/a>\u00a0e no\u00a0<a rel=\"noreferrer noopener\" href=\"https:\/\/www.instagram.com\/senoticias\/\" target=\"_blank\">Instagram<\/a><\/em><\/strong><\/p>\n\n\n\n<p>Fonte: ascom\/Ibraim Monteiro<\/p>\n\n\n\n<p><\/p>\n","protected":false},"excerpt":{"rendered":"<p>Nesta quinta-feira, 06, o deputado estadual Ibrain de Valmir, recebeu em seu gabinete o reitor da Universidade Federal de Sergipe (UFS), Valter Santana acompanhado do seu assessor Jodnes Vieira para tratar de assuntos ligados ao desenvolvimento e melhorias nas a\u00e7\u00f5es educacionais da Universidade. Em conversa com o deputado, o reitor da UFS, Valter Santana mostrou [&hellip;]<\/p>\n","protected":false},"author":6552,"featured_media":0,"comment_status":"closed","ping_status":"closed","sticky":false,"template":"","format":"standard","meta":{"footnotes":""},"categories":[15,38],"tags":[34171,16670,34170,16730,6719],"class_list":{"0":"post-127908","1":"post","2":"type-post","3":"status-publish","4":"format-standard","6":"category-destaques","7":"category-municipios","8":"tag-deputado-estadual-ibrain-de-valmir","9":"tag-deputado-ibraim","10":"tag-reitor-da-ufs","11":"tag-reitor-valter-santana","12":"tag-universidade-federal-de-sergipe"},"_links":{"self":[{"href":"https:\/\/senoticias.com.br\/se\/wp-json\/wp\/v2\/posts\/127908"}],"collection":[{"href":"https:\/\/senoticias.com.br\/se\/wp-json\/wp\/v2\/posts"}],"about":[{"href":"https:\/\/senoticias.com.br\/se\/wp-json\/wp\/v2\/types\/post"}],"author":[{"embeddable":true,"href":"https:\/\/senoticias.com.br\/se\/wp-json\/wp\/v2\/users\/6552"}],"replies":[{"embeddable":true,"href":"https:\/\/senoticias.com.br\/se\/wp-json\/wp\/v2\/comments?post=127908"}],"version-history":[{"count":0,"href":"https:\/\/senoticias.com.br\/se\/wp-json\/wp\/v2\/posts\/127908\/revisions"}],"wp:attachment":[{"href":"https:\/\/senoticias.com.br\/se\/wp-json\/wp\/v2\/media?parent=127908"}],"wp:term":[{"taxonomy":"category","embeddable":true,"href":"https:\/\/senoticias.com.br\/se\/wp-json\/wp\/v2\/categories?post=127908"},{"taxonomy":"post_tag","embeddable":true,"href":"https:\/\/senoticias.com.br\/se\/wp-json\/wp\/v2\/tags?post=127908"}],"curies":[{"name":"wp","href":"https:\/\/api.w.org\/{rel}","templated":true}]}}