{"id":127906,"date":"2021-05-07T07:21:31","date_gmt":"2021-05-07T10:21:31","guid":{"rendered":"https:\/\/senoticias.com.br\/se\/?p=127906"},"modified":"2021-05-07T07:21:38","modified_gmt":"2021-05-07T10:21:38","slug":"bombeiros-procuram-corpo-de-piloto-do-monomotor","status":"publish","type":"post","link":"https:\/\/senoticias.com.br\/se\/bombeiros-procuram-corpo-de-piloto-do-monomotor\/","title":{"rendered":"Bombeiros procuram corpo de piloto do monomotor"},"content":{"rendered":"\n<p><\/p>\n\n\n\n<p>O Corpo de Bombeiros Militar prossegue, nesta sexta-feira (7), com as buscas ao corpo do piloto do monomotor que caiu, ontem (6) no manguezal do bairro Coroa do Meio, em Aracaju. Parte da aeronave ficou soterrada na lama e os bombeiros tentam remov\u00ea-la. A aeronave saiu da cidade de Una\u00ed (MG) transportando um passageiro para Aracaju. Ap\u00f3s o desembarque dessa pessoa e o abastecimento, o piloto Adriano Leon decolou com destino \u00e0 cidade mineira. Ainda no processo de decolagem, a aeronave apresentou pane e caiu.<\/p>\n\n\n\n<figure class=\"wp-block-image size-large\"><img loading=\"lazy\" decoding=\"async\" width=\"581\" height=\"577\" src=\"https:\/\/senoticias.com.br\/se\/wp-content\/uploads\/2021\/05\/Aeronave-SE-Noticias.jpg\" alt=\"\" class=\"wp-image-127907\" srcset=\"https:\/\/senoticias.com.br\/se\/wp-content\/uploads\/2021\/05\/Aeronave-SE-Noticias.jpg 581w, https:\/\/senoticias.com.br\/se\/wp-content\/uploads\/2021\/05\/Aeronave-SE-Noticias-300x298.jpg 300w, https:\/\/senoticias.com.br\/se\/wp-content\/uploads\/2021\/05\/Aeronave-SE-Noticias-150x150.jpg 150w\" sizes=\"(max-width: 581px) 100vw, 581px\" \/><figcaption>Trag\u00e9dia aconteceu no final da manh\u00e3 desta quinta-feira (6) na Zona Sul da capital &#8211; Foto: G1\/SE<\/figcaption><\/figure>\n\n\n\n<p>O pequeno avi\u00e3o acidentado pertence \u00e0 empresa HP Armaz\u00e9ns Gerais Ind. Com. Ltda, que tem como um dos s\u00f3cios o empres\u00e1rio do segmento de cereais Hugo Alves Pimenta. Identificado como sendo Adriano Leon, de 32 anos, o piloto avisou sobre o problema \u00e0 Torre de Controle do Aeroporto, chegando a direcionar a aeronave para a cabeceira da pista. Nesta tentativa de pouso, por\u00e9m, o monomotor caiu no mangue da Coroa do Meio.<\/p>\n\n\n\n<p>Policiais do Corpo de Bombeiros chegaram em seguida ao manguezal e tiveram acesso, apenas, \u00e0 parte traseira da cabine da aeronave. A parte da frente ficou soterrada no mangue e os destro\u00e7os, conforme informado pelo GTA, encontram-se num raio de 50 metros do acidente. Ao todo, est\u00e3o atuando na ocorr\u00eancia 33 bombeiros militares. Um guindaste contratado pela Defesa Civil de Aracaju est\u00e1 auxiliando os militares do Corpo de Bombeiros na remo\u00e7\u00e3o dos destro\u00e7os do monomotor.<\/p>\n\n\n\n<p><em>Quer receber as principais not\u00edcias do&nbsp;<strong>SE Not\u00edcias<\/strong>&nbsp;no seu&nbsp;<strong>WhatsApp?<\/strong>&nbsp;<strong><a href=\"https:\/\/api.whatsapp.com\/send?phone=5579991715289\">Clique aqui<\/a><\/strong>.<\/em><\/p>\n\n\n\n<p><strong><em>Acompanhe tamb\u00e9m o SE Not\u00edcias no\u00a0<a rel=\"noreferrer noopener\" href=\"https:\/\/twitter.com\/Senoticias\" target=\"_blank\">Twitter<\/a>,\u00a0<a rel=\"noreferrer noopener\" href=\"https:\/\/www.facebook.com\/senoticias1\" target=\"_blank\">Facebook<\/a>\u00a0e no\u00a0<a rel=\"noreferrer noopener\" href=\"https:\/\/www.instagram.com\/senoticias\/\" target=\"_blank\">Instagram<\/a><\/em><\/strong><\/p>\n\n\n\n<p>Fonte: Adiberto Sousa\/Destaque Not\u00edcias<\/p>\n","protected":false},"excerpt":{"rendered":"<p>O Corpo de Bombeiros Militar prossegue, nesta sexta-feira (7), com as buscas ao corpo do piloto do monomotor que caiu, ontem (6) no manguezal do bairro Coroa do Meio, em Aracaju. Parte da aeronave ficou soterrada na lama e os bombeiros tentam remov\u00ea-la. A aeronave saiu da cidade de Una\u00ed (MG) transportando um passageiro para [&hellip;]<\/p>\n","protected":false},"author":6552,"featured_media":0,"comment_status":"closed","ping_status":"closed","sticky":false,"template":"","format":"standard","meta":{"footnotes":""},"categories":[15,2961],"tags":[34169,34168],"class_list":{"0":"post-127906","1":"post","2":"type-post","3":"status-publish","4":"format-standard","6":"category-destaques","7":"category-nacional","8":"tag-acidente-com-aviao","9":"tag-aeronave"},"_links":{"self":[{"href":"https:\/\/senoticias.com.br\/se\/wp-json\/wp\/v2\/posts\/127906"}],"collection":[{"href":"https:\/\/senoticias.com.br\/se\/wp-json\/wp\/v2\/posts"}],"about":[{"href":"https:\/\/senoticias.com.br\/se\/wp-json\/wp\/v2\/types\/post"}],"author":[{"embeddable":true,"href":"https:\/\/senoticias.com.br\/se\/wp-json\/wp\/v2\/users\/6552"}],"replies":[{"embeddable":true,"href":"https:\/\/senoticias.com.br\/se\/wp-json\/wp\/v2\/comments?post=127906"}],"version-history":[{"count":0,"href":"https:\/\/senoticias.com.br\/se\/wp-json\/wp\/v2\/posts\/127906\/revisions"}],"wp:attachment":[{"href":"https:\/\/senoticias.com.br\/se\/wp-json\/wp\/v2\/media?parent=127906"}],"wp:term":[{"taxonomy":"category","embeddable":true,"href":"https:\/\/senoticias.com.br\/se\/wp-json\/wp\/v2\/categories?post=127906"},{"taxonomy":"post_tag","embeddable":true,"href":"https:\/\/senoticias.com.br\/se\/wp-json\/wp\/v2\/tags?post=127906"}],"curies":[{"name":"wp","href":"https:\/\/api.w.org\/{rel}","templated":true}]}}