{"id":127886,"date":"2021-05-06T07:21:26","date_gmt":"2021-05-06T10:21:26","guid":{"rendered":"https:\/\/senoticias.com.br\/se\/?p=127886"},"modified":"2021-05-06T09:39:30","modified_gmt":"2021-05-06T12:39:30","slug":"delegada-danielle-garcia-diz-que-foi-ameacada-de-morte","status":"publish","type":"post","link":"https:\/\/senoticias.com.br\/se\/delegada-danielle-garcia-diz-que-foi-ameacada-de-morte\/","title":{"rendered":"Delegada Danielle Garcia diz que foi amea\u00e7ada de morte"},"content":{"rendered":"\n<p>A delegada de pol\u00edcia Danielle Garcia (Cidadania) usou a sua p\u00e1gina no Instagram para informar que est\u00e1 sendo amea\u00e7ada de morte por um homem e que j\u00e1 foi identificado e que, segundo a delegada, faz amea\u00e7a velada de morte contra a sua vida. A informa\u00e7\u00e3o \u00e9 do portal <a href=\"https:\/\/www.faxaju.com.br\/index.php\/2021\/05\/06\/delegada-danielle-garcia-e-ameacada-e-avisa-nao-temos-medo-de-moleques-covardes\/\">FaxAju<\/a>.<\/p>\n\n\n\n<figure class=\"wp-block-image size-large\"><img loading=\"lazy\" decoding=\"async\" width=\"584\" height=\"465\" src=\"https:\/\/senoticias.com.br\/se\/wp-content\/uploads\/2021\/05\/Delegada-Daniele-Garcia-SE-Noticias.jpeg\" alt=\"\" class=\"wp-image-127887\" srcset=\"https:\/\/senoticias.com.br\/se\/wp-content\/uploads\/2021\/05\/Delegada-Daniele-Garcia-SE-Noticias.jpeg 584w, https:\/\/senoticias.com.br\/se\/wp-content\/uploads\/2021\/05\/Delegada-Daniele-Garcia-SE-Noticias-300x239.jpeg 300w, https:\/\/senoticias.com.br\/se\/wp-content\/uploads\/2021\/05\/Delegada-Daniele-Garcia-SE-Noticias-45x35.jpeg 45w\" sizes=\"(max-width: 584px) 100vw, 584px\" \/><\/figure>\n\n\n\n<p>Em sua p\u00e1gina no Instagram, a delegada diz que \u201cquero compartilhar com voc\u00eas a amea\u00e7a que recebi atrav\u00e9s de mensagem privada do Instagram\u201d.<\/p>\n\n\n\n<p>Sobre amea\u00e7a, ela explica que nunca participou de opera\u00e7\u00e3o policial em Sim\u00e3o Dias e diz ainda que \u201cnem eu e muito menos meu colega delegado de pol\u00edcia temos medo de moleques covardes\u201d.<\/p>\n\n\n\n<p>A delegada Daniele Garcia manda um recado duro para o endere\u00e7o eletr\u00f4nico da pessoa que j\u00e1 foi identificada, informando que j\u00e1 prestou um Boletim de Ocorr\u00eancia, afirmando que \u201cpara que entendam o risco da nossa profiss\u00e3o, essa n\u00e3o \u00e9 a primeira e n\u00e3o ser\u00e1 a \u00faltima amea\u00e7a que recebo no exerc\u00edcio da minha profiss\u00e3o\u201d, disse a delegada.<\/p>\n\n\n\n<p>O que chamou a aten\u00e7\u00e3o na postagem da delegada, foi o fato de que a pessoa, al\u00e9m de ser identificada, fez quest\u00e3o de manter o seu perfil original no Instagram.<\/p>\n\n\n\n<p><em>Quer receber as principais not\u00edcias do&nbsp;<strong>SE Not\u00edcias<\/strong>&nbsp;no seu&nbsp;<strong>WhatsApp?<\/strong>&nbsp;<strong><a href=\"https:\/\/api.whatsapp.com\/send?phone=5579991715289\">Clique aqui<\/a><\/strong>.<\/em><\/p>\n\n\n\n<p><strong><em>Acompanhe tamb\u00e9m o SE Not\u00edcias no\u00a0<a rel=\"noreferrer noopener\" href=\"https:\/\/twitter.com\/Senoticias\" target=\"_blank\">Twitter<\/a>,\u00a0<a rel=\"noreferrer noopener\" href=\"https:\/\/www.facebook.com\/senoticias1\" target=\"_blank\">Facebook<\/a>\u00a0e no\u00a0<a rel=\"noreferrer noopener\" href=\"https:\/\/www.instagram.com\/senoticias\/\" target=\"_blank\">Instagram<\/a><\/em><\/strong><\/p>\n\n\n\n<p><\/p>\n","protected":false},"excerpt":{"rendered":"<p>A delegada de pol\u00edcia Danielle Garcia (Cidadania) usou a sua p\u00e1gina no Instagram para informar que est\u00e1 sendo amea\u00e7ada de morte por um homem e que j\u00e1 foi identificado e que, segundo a delegada, faz amea\u00e7a velada de morte contra a sua vida. A informa\u00e7\u00e3o \u00e9 do portal FaxAju. Em sua p\u00e1gina no Instagram, a [&hellip;]<\/p>\n","protected":false},"author":6552,"featured_media":0,"comment_status":"closed","ping_status":"closed","sticky":false,"template":"","format":"standard","meta":{"footnotes":""},"categories":[15,7],"tags":[17090,17091,624],"class_list":{"0":"post-127886","1":"post","2":"type-post","3":"status-publish","4":"format-standard","6":"category-destaques","7":"category-policia","8":"tag-ameaca-de-morte","9":"tag-delegada-ameacada","10":"tag-delegada-danielle-garcia"},"_links":{"self":[{"href":"https:\/\/senoticias.com.br\/se\/wp-json\/wp\/v2\/posts\/127886"}],"collection":[{"href":"https:\/\/senoticias.com.br\/se\/wp-json\/wp\/v2\/posts"}],"about":[{"href":"https:\/\/senoticias.com.br\/se\/wp-json\/wp\/v2\/types\/post"}],"author":[{"embeddable":true,"href":"https:\/\/senoticias.com.br\/se\/wp-json\/wp\/v2\/users\/6552"}],"replies":[{"embeddable":true,"href":"https:\/\/senoticias.com.br\/se\/wp-json\/wp\/v2\/comments?post=127886"}],"version-history":[{"count":0,"href":"https:\/\/senoticias.com.br\/se\/wp-json\/wp\/v2\/posts\/127886\/revisions"}],"wp:attachment":[{"href":"https:\/\/senoticias.com.br\/se\/wp-json\/wp\/v2\/media?parent=127886"}],"wp:term":[{"taxonomy":"category","embeddable":true,"href":"https:\/\/senoticias.com.br\/se\/wp-json\/wp\/v2\/categories?post=127886"},{"taxonomy":"post_tag","embeddable":true,"href":"https:\/\/senoticias.com.br\/se\/wp-json\/wp\/v2\/tags?post=127886"}],"curies":[{"name":"wp","href":"https:\/\/api.w.org\/{rel}","templated":true}]}}