{"id":127833,"date":"2021-05-01T14:28:59","date_gmt":"2021-05-01T17:28:59","guid":{"rendered":"https:\/\/senoticias.com.br\/se\/?p=127833"},"modified":"2021-05-01T14:34:48","modified_gmt":"2021-05-01T17:34:48","slug":"duplo-homicidio-e-registrado-no-bairro-bugio-apos-assalto-a-mercearia","status":"publish","type":"post","link":"https:\/\/senoticias.com.br\/se\/duplo-homicidio-e-registrado-no-bairro-bugio-apos-assalto-a-mercearia\/","title":{"rendered":"Duplo homic\u00eddio \u00e9 registrado no bairro Bugio ap\u00f3s assalto \u00e0 mercearia"},"content":{"rendered":"\n<p><\/p>\n\n\n\n<p>Um duplo homic\u00eddio foi registrado no bairro Bugio ap\u00f3s assalto a uma mercearia do bairro. Segundo informa\u00e7\u00f5es da Pol\u00edcia Militar, a a\u00e7\u00e3o aconteceu na noite desta sexta-feira, 30, por volta das 18h. Os suspeitos foram identificados como Edjean Gomes da Silva, 20 anos, e Marcos Ant\u00f4nio Barros Alves, 25 anos.<\/p>\n\n\n\n<figure class=\"wp-block-image size-large\"><img loading=\"lazy\" decoding=\"async\" width=\"589\" height=\"441\" src=\"https:\/\/senoticias.com.br\/se\/wp-content\/uploads\/2021\/05\/Mortos-no-Bugio-SE-Noticias.jpeg\" alt=\"\" class=\"wp-image-127834\" srcset=\"https:\/\/senoticias.com.br\/se\/wp-content\/uploads\/2021\/05\/Mortos-no-Bugio-SE-Noticias.jpeg 589w, https:\/\/senoticias.com.br\/se\/wp-content\/uploads\/2021\/05\/Mortos-no-Bugio-SE-Noticias-300x225.jpeg 300w, https:\/\/senoticias.com.br\/se\/wp-content\/uploads\/2021\/05\/Mortos-no-Bugio-SE-Noticias-45x35.jpeg 45w\" sizes=\"(max-width: 589px) 100vw, 589px\" \/><figcaption>Dois assaltantes morreram na noite de sexta-feira, 30 &#8211; Foto: PM\/SE<\/figcaption><\/figure>\n\n\n\n<p>\u201cInforma\u00e7\u00f5es da localidade d\u00e3o conta que os dois suspeitos tinham acabado de fazer um assalto em uma mercearia. Logo ap\u00f3s a fuga, foram surpreendidos por um autor n\u00e3o identificado, que deferiu disparos de arma de fogo nas v\u00edtimas\u201d, diz a PM.<\/p>\n\n\n\n<p>Ainda segundo a PM, um dos suspeitos baleados foi \u00e0 \u00f3bito ao lado da moto que era usada pela dupla. \u201cA outra v\u00edtima veio a \u00f3bito pr\u00f3ximo a um supermercado da regi\u00e3o\u201d, relata.<\/p>\n\n\n\n<p>O caso aconteceu na rua B2, conjunto Bugio, na Zona Oeste de Aracaju.<\/p>\n\n\n\n<p>O caso ser\u00e1 investigado pela Pol\u00edcia Civil.<\/p>\n\n\n\n<p><em>Quer receber as principais do<\/em><strong><em>&nbsp;SE<\/em><\/strong>&nbsp;<em><strong>Not\u00edcias<\/strong>&nbsp;no seu&nbsp;<strong>WhatsApp?<\/strong>&nbsp;<strong><a href=\"https:\/\/api.whatsapp.com\/send?phone=5579991715289\">Clique aqui<\/a><\/strong>.<\/em><\/p>\n\n\n\n<p><strong><em>Acompanhe tamb\u00e9m o SE Not\u00edcias no&nbsp;<a rel=\"noreferrer noopener\" href=\"https:\/\/twitter.com\/Senoticias\" target=\"_blank\">Twitter<\/a>,&nbsp;<a rel=\"noreferrer noopener\" href=\"https:\/\/www.facebook.com\/senoticias1\" target=\"_blank\">Facebook<\/a>&nbsp;e no&nbsp;<a rel=\"noreferrer noopener\" href=\"https:\/\/www.instagram.com\/senoticias\/\" target=\"_blank\">Instagram<\/a><\/em><\/strong>.<\/p>\n\n\n\n<p>Com informa\u00e7\u00f5es da Infonet<\/p>\n","protected":false},"excerpt":{"rendered":"<p>Um duplo homic\u00eddio foi registrado no bairro Bugio ap\u00f3s assalto a uma mercearia do bairro. Segundo informa\u00e7\u00f5es da Pol\u00edcia Militar, a a\u00e7\u00e3o aconteceu na noite desta sexta-feira, 30, por volta das 18h. Os suspeitos foram identificados como Edjean Gomes da Silva, 20 anos, e Marcos Ant\u00f4nio Barros Alves, 25 anos. \u201cInforma\u00e7\u00f5es da localidade d\u00e3o conta [&hellip;]<\/p>\n","protected":false},"author":6552,"featured_media":0,"comment_status":"closed","ping_status":"closed","sticky":false,"template":"","format":"standard","meta":{"footnotes":""},"categories":[15,7],"tags":[339,2945,17055,8218],"class_list":{"0":"post-127833","1":"post","2":"type-post","3":"status-publish","4":"format-standard","6":"category-destaques","7":"category-policia","8":"tag-aracaju","9":"tag-assalto","10":"tag-bairro-bugio","11":"tag-dois-mortos"},"_links":{"self":[{"href":"https:\/\/senoticias.com.br\/se\/wp-json\/wp\/v2\/posts\/127833"}],"collection":[{"href":"https:\/\/senoticias.com.br\/se\/wp-json\/wp\/v2\/posts"}],"about":[{"href":"https:\/\/senoticias.com.br\/se\/wp-json\/wp\/v2\/types\/post"}],"author":[{"embeddable":true,"href":"https:\/\/senoticias.com.br\/se\/wp-json\/wp\/v2\/users\/6552"}],"replies":[{"embeddable":true,"href":"https:\/\/senoticias.com.br\/se\/wp-json\/wp\/v2\/comments?post=127833"}],"version-history":[{"count":0,"href":"https:\/\/senoticias.com.br\/se\/wp-json\/wp\/v2\/posts\/127833\/revisions"}],"wp:attachment":[{"href":"https:\/\/senoticias.com.br\/se\/wp-json\/wp\/v2\/media?parent=127833"}],"wp:term":[{"taxonomy":"category","embeddable":true,"href":"https:\/\/senoticias.com.br\/se\/wp-json\/wp\/v2\/categories?post=127833"},{"taxonomy":"post_tag","embeddable":true,"href":"https:\/\/senoticias.com.br\/se\/wp-json\/wp\/v2\/tags?post=127833"}],"curies":[{"name":"wp","href":"https:\/\/api.w.org\/{rel}","templated":true}]}}