{"id":127812,"date":"2021-04-30T11:13:43","date_gmt":"2021-04-30T14:13:43","guid":{"rendered":"https:\/\/senoticias.com.br\/se\/?p=127812"},"modified":"2021-04-30T11:33:48","modified_gmt":"2021-04-30T14:33:48","slug":"festa-clandestina-e-realizada-em-chacara-de-conselheira-tutelar-e-cunhada-ex-candidato-a-prefeito","status":"publish","type":"post","link":"https:\/\/senoticias.com.br\/se\/festa-clandestina-e-realizada-em-chacara-de-conselheira-tutelar-e-cunhada-ex-candidato-a-prefeito\/","title":{"rendered":"Festa clandestina \u00e9 realizada em ch\u00e1cara de conselheira tutelar e cunhada ex-candidato a prefeito"},"content":{"rendered":"\n<p>Uma a\u00e7\u00e3o conjunta realizada nesta quinta-feira (29), entre a Vigil\u00e2ncia Sanit\u00e1ria, o Conselho Tutelar e a Pol\u00edcia Militar, no combate ao Covid-19, culminou com o encerramento de uma festa clandestina no povoado Tombo, zona rural de Salgado.<\/p>\n\n\n\n<figure class=\"wp-block-image size-large\"><img loading=\"lazy\" decoding=\"async\" width=\"589\" height=\"442\" src=\"https:\/\/senoticias.com.br\/se\/wp-content\/uploads\/2021\/04\/Festa-clandestina-SE-Noticias.jpeg\" alt=\"\" class=\"wp-image-127814\" srcset=\"https:\/\/senoticias.com.br\/se\/wp-content\/uploads\/2021\/04\/Festa-clandestina-SE-Noticias.jpeg 589w, https:\/\/senoticias.com.br\/se\/wp-content\/uploads\/2021\/04\/Festa-clandestina-SE-Noticias-300x225.jpeg 300w, https:\/\/senoticias.com.br\/se\/wp-content\/uploads\/2021\/04\/Festa-clandestina-SE-Noticias-45x35.jpeg 45w\" sizes=\"(max-width: 589px) 100vw, 589px\" \/><figcaption>Na ocasi\u00e3o do flagrante, as medidas restritivas foram adotadas, sendo os maiores de 18 anos encaminhados para \u00e0 Delegacia de Salgado &#8211; Foto:  divulga\u00e7\u00e3o\/redes sociais<\/figcaption><\/figure>\n\n\n\n<p>Pelas informa\u00e7\u00f5es, a festa acontecia na resid\u00eancia de uma conselheira tutelar de Salgado, que seria cunhada do candidato a prefeito derrotado no \u00faltimo pleito municipal, Ivan do \u00d4nibus (SD).<\/p>\n\n\n\n<p>Os \u00f3rg\u00e3os municipais e a PM foram ao local ap\u00f3s uma den\u00fancia que dava conta da ocorr\u00eancia da festa e que envolvia jovens e menores de idade, al\u00e9m do uso de \u00e1lcool.<\/p>\n\n\n\n<p>Na ocasi\u00e3o do flagrante, as medidas restritivas foram adotadas, sendo os maiores de 18 anos encaminhados para \u00e0 Delegacia de Salgado, para prestar esclarecimentos, e os menores para o Conselho Tutelar.<\/p>\n\n\n\n<p>Para um profissional envolvido na a\u00e7\u00e3o, \u201cas autoridades devem tomar as provid\u00eancias necess\u00e1rias, pois n\u00e3o podemos compactuar com esse absurdo em nosso munic\u00edpio, j\u00e1 que estamos a todo momento vendo os casos aumentando, fam\u00edlias sendo destru\u00eddas, amigos e familiares sendo mortos pela Covid-19\u201d, destacou.<\/p>\n\n\n\n<p>Um morador do povoado parabenizou a a\u00e7\u00e3o da Vigil\u00e2ncia Sanit\u00e1ria, do Conselho Tutelar e da Pol\u00edcia Militar. \u201cIsso \u00e9 muito importante saber que temos os \u00f3rg\u00e3os de compet\u00eancia para tomar pulso desses atos infracionais cometidos por pessoas que n\u00e3o tem amor pr\u00f3prio, lembrando que n\u00e3o foi a primeira vez dessas festinhas clandestinas no munic\u00edpio\u201d, frisou.<\/p>\n\n\n\n<p><em>Quer receber as principais do<\/em><strong><em>&nbsp;SE<\/em><\/strong>&nbsp;<em><strong>Not\u00edcias<\/strong>&nbsp;no seu&nbsp;<strong>WhatsApp?<\/strong>&nbsp;<strong><a href=\"https:\/\/api.whatsapp.com\/send?phone=5579991715289\">Clique aqui<\/a><\/strong>.<\/em><\/p>\n\n\n\n<p><strong><em>Acompanhe tamb\u00e9m o SE Not\u00edcias no\u00a0<a rel=\"noreferrer noopener\" href=\"https:\/\/twitter.com\/Senoticias\" target=\"_blank\">Twitter<\/a>,\u00a0<a rel=\"noreferrer noopener\" href=\"https:\/\/www.facebook.com\/senoticias1\" target=\"_blank\">Facebook<\/a>\u00a0e no\u00a0<a rel=\"noreferrer noopener\" href=\"https:\/\/www.instagram.com\/senoticias\/\" target=\"_blank\">Instagram<\/a><\/em><\/strong>.<\/p>\n\n\n\n<p>Fonte: assessoria de imprensa<\/p>\n","protected":false},"excerpt":{"rendered":"<p>Uma a\u00e7\u00e3o conjunta realizada nesta quinta-feira (29), entre a Vigil\u00e2ncia Sanit\u00e1ria, o Conselho Tutelar e a Pol\u00edcia Militar, no combate ao Covid-19, culminou com o encerramento de uma festa clandestina no povoado Tombo, zona rural de Salgado. Pelas informa\u00e7\u00f5es, a festa acontecia na resid\u00eancia de uma conselheira tutelar de Salgado, que seria cunhada do candidato [&hellip;]<\/p>\n","protected":false},"author":6552,"featured_media":0,"comment_status":"closed","ping_status":"closed","sticky":false,"template":"","format":"standard","meta":{"footnotes":""},"categories":[15,7],"tags":[16254,86,3641],"class_list":{"0":"post-127812","1":"post","2":"type-post","3":"status-publish","4":"format-standard","6":"category-destaques","7":"category-policia","8":"tag-festa-clandestina","9":"tag-policia-militar","10":"tag-salgado"},"_links":{"self":[{"href":"https:\/\/senoticias.com.br\/se\/wp-json\/wp\/v2\/posts\/127812"}],"collection":[{"href":"https:\/\/senoticias.com.br\/se\/wp-json\/wp\/v2\/posts"}],"about":[{"href":"https:\/\/senoticias.com.br\/se\/wp-json\/wp\/v2\/types\/post"}],"author":[{"embeddable":true,"href":"https:\/\/senoticias.com.br\/se\/wp-json\/wp\/v2\/users\/6552"}],"replies":[{"embeddable":true,"href":"https:\/\/senoticias.com.br\/se\/wp-json\/wp\/v2\/comments?post=127812"}],"version-history":[{"count":0,"href":"https:\/\/senoticias.com.br\/se\/wp-json\/wp\/v2\/posts\/127812\/revisions"}],"wp:attachment":[{"href":"https:\/\/senoticias.com.br\/se\/wp-json\/wp\/v2\/media?parent=127812"}],"wp:term":[{"taxonomy":"category","embeddable":true,"href":"https:\/\/senoticias.com.br\/se\/wp-json\/wp\/v2\/categories?post=127812"},{"taxonomy":"post_tag","embeddable":true,"href":"https:\/\/senoticias.com.br\/se\/wp-json\/wp\/v2\/tags?post=127812"}],"curies":[{"name":"wp","href":"https:\/\/api.w.org\/{rel}","templated":true}]}}